{"id":172025,"date":"2022-06-26T06:37:22","date_gmt":"2022-06-26T10:37:22","guid":{"rendered":"https:\/\/mspontocom.com.br\/site\/?p=172025"},"modified":"2022-06-26T06:37:22","modified_gmt":"2022-06-26T10:37:22","slug":"bolsonaro-diz-que-tem-exercito-de-200-milhoes-de-pessoas","status":"publish","type":"post","link":"https:\/\/mspontocom.com.br\/site\/bolsonaro-diz-que-tem-exercito-de-200-milhoes-de-pessoas\/","title":{"rendered":"Bolsonaro diz que tem \u2018ex\u00e9rcito de 200 milh\u00f5es de pessoas\u2019"},"content":{"rendered":"<p style=\"text-align: justify;\"><img loading=\"lazy\" class=\"alignnone size-medium wp-image-172029\" src=\"https:\/\/mspontocom.com.br\/site\/wp-content\/uploads\/2022\/06\/site-bolsonaro-diz-que-tem-exercito-de-200-milhoes-de-pessoas-bolsonaro-multidao-e1656239772794-260x141.jpg\" alt=\"\" width=\"260\" height=\"141\" srcset=\"https:\/\/mspontocom.com.br\/site\/wp-content\/uploads\/2022\/06\/site-bolsonaro-diz-que-tem-exercito-de-200-milhoes-de-pessoas-bolsonaro-multidao-e1656239772794-260x141.jpg 260w, https:\/\/mspontocom.com.br\/site\/wp-content\/uploads\/2022\/06\/site-bolsonaro-diz-que-tem-exercito-de-200-milhoes-de-pessoas-bolsonaro-multidao-e1656239772794.jpg 620w\" sizes=\"(max-width: 260px) 100vw, 260px\" \/><\/p>\n<p style=\"text-align: justify;\">O presidente <strong>Jair Bolsonaro<\/strong> participou da Marcha para Jesus em Balne\u00e1rio Cambori\u00fa, e foi saudado pelos quase 50 mil presentes.<\/p>\n<p style=\"text-align: justify;\"><strong> \u201cCada vez mais eu tenho um ex\u00e9rcito que se aproxima dos 200 milh\u00f5es de pessoas nos quatro cantos desse Brasil.\u201d<\/strong><\/p>\n<p style=\"text-align: justify;\">&#8220;N\u00e3o podemos esperar chegar 2023 ou 2024 e olhar para tr\u00e1s. Temos de nos perguntar: o que n\u00e3o fizemos para chegarmos a essa situa\u00e7\u00e3o dif\u00edcil de hoje em dia? N\u00f3s somos a maioria. A democracia s\u00e3o voc\u00eas. O maior pecado que podemos cometer \u00e9 o da omiss\u00e3o. N\u00e3o podemos aceitar passivamente aqueles que querem impor as suas vontades sobre n\u00f3s\u201d, seguiu o presidente.<\/p>\n<p>&nbsp;<\/p>\n","protected":false},"excerpt":{"rendered":"<p>O presidente Jair Bolsonaro participou da Marcha para Jesus em Balne\u00e1rio Cambori\u00fa, e foi saudado pelos quase 50 mil presentes. \u201cCada vez mais eu tenho um ex\u00e9rcito que se aproxima dos 200 milh\u00f5es de pessoas nos quatro cantos desse Brasil.\u201d &#8220;N\u00e3o podemos esperar chegar 2023 ou 2024 e olhar para tr\u00e1s. Temos de nos perguntar: [&hellip;]<\/p>\n","protected":false},"author":2,"featured_media":172029,"comment_status":"open","ping_status":"open","sticky":false,"template":"","format":"standard","meta":{"_monsterinsights_skip_tracking":false,"_monsterinsights_sitenote_active":false,"_monsterinsights_sitenote_note":"","_monsterinsights_sitenote_category":0},"categories":[6,30260,30259],"tags":[31367,21017,1192],"aioseo_notices":[],"_links":{"self":[{"href":"https:\/\/mspontocom.com.br\/site\/wp-json\/wp\/v2\/posts\/172025"}],"collection":[{"href":"https:\/\/mspontocom.com.br\/site\/wp-json\/wp\/v2\/posts"}],"about":[{"href":"https:\/\/mspontocom.com.br\/site\/wp-json\/wp\/v2\/types\/post"}],"author":[{"embeddable":true,"href":"https:\/\/mspontocom.com.br\/site\/wp-json\/wp\/v2\/users\/2"}],"replies":[{"embeddable":true,"href":"https:\/\/mspontocom.com.br\/site\/wp-json\/wp\/v2\/comments?post=172025"}],"version-history":[{"count":2,"href":"https:\/\/mspontocom.com.br\/site\/wp-json\/wp\/v2\/posts\/172025\/revisions"}],"predecessor-version":[{"id":172030,"href":"https:\/\/mspontocom.com.br\/site\/wp-json\/wp\/v2\/posts\/172025\/revisions\/172030"}],"wp:featuredmedia":[{"embeddable":true,"href":"https:\/\/mspontocom.com.br\/site\/wp-json\/wp\/v2\/media\/172029"}],"wp:attachment":[{"href":"https:\/\/mspontocom.com.br\/site\/wp-json\/wp\/v2\/media?parent=172025"}],"wp:term":[{"taxonomy":"category","embeddable":true,"href":"https:\/\/mspontocom.com.br\/site\/wp-json\/wp\/v2\/categories?post=172025"},{"taxonomy":"post_tag","embeddable":true,"href":"https:\/\/mspontocom.com.br\/site\/wp-json\/wp\/v2\/tags?post=172025"}],"curies":[{"name":"wp","href":"https:\/\/api.w.org\/{rel}","templated":true}]}}