{"id":172043,"date":"2022-06-27T15:36:05","date_gmt":"2022-06-27T19:36:05","guid":{"rendered":"https:\/\/mspontocom.com.br\/site\/?p=172043"},"modified":"2022-06-27T15:24:59","modified_gmt":"2022-06-27T19:24:59","slug":"objetivo-da-prisao-de-milton-ribeiro-e-tentar-me-igualar-a-lula-diz-bolsonaro","status":"publish","type":"post","link":"https:\/\/mspontocom.com.br\/site\/objetivo-da-prisao-de-milton-ribeiro-e-tentar-me-igualar-a-lula-diz-bolsonaro\/","title":{"rendered":"\u2018Objetivo da pris\u00e3o de Milton Ribeiro \u00e9 tentar me igualar a Lula\u2019, diz Bolsonaro"},"content":{"rendered":"<p style=\"text-align: justify;\"><img loading=\"lazy\" class=\"alignnone size-medium wp-image-172050\" src=\"https:\/\/mspontocom.com.br\/site\/wp-content\/uploads\/2022\/06\/site-objetivo-da-prisao-de-milton-ribeiro-e-tentar-me-igualar-a-lula-diz-bolsonaro-bolsonaro-bravo-e1656322425571-260x143.jpg\" alt=\"\" width=\"260\" height=\"143\" srcset=\"https:\/\/mspontocom.com.br\/site\/wp-content\/uploads\/2022\/06\/site-objetivo-da-prisao-de-milton-ribeiro-e-tentar-me-igualar-a-lula-diz-bolsonaro-bolsonaro-bravo-e1656322425571-260x143.jpg 260w, https:\/\/mspontocom.com.br\/site\/wp-content\/uploads\/2022\/06\/site-objetivo-da-prisao-de-milton-ribeiro-e-tentar-me-igualar-a-lula-diz-bolsonaro-bolsonaro-bravo-e1656322425571.jpg 596w\" sizes=\"(max-width: 260px) 100vw, 260px\" \/><\/p>\n<p style=\"text-align: justify;\">O presidente <strong>Jair Bolsonaro<\/strong> afirmou que o caso do ex-ministro da Educa\u00e7\u00e3o <strong>Milton Ribeiro<\/strong>, acusado de den\u00fancias de supostas corrup\u00e7\u00e3o enquanto esteve \u00e0 frente da pasta, \u00e9 uma tentativa de constranger o governo atual.<\/p>\n<p style=\"text-align: justify;\">\u00a0Para Bolsonaro, a pris\u00e3o foi injusta e, at\u00e9 o momento, n\u00e3o encontrou evid\u00eancias de que Milton tenha cometido atos de corrup\u00e7\u00e3o.<\/p>\n<p style=\"text-align: justify;\">O presidente tamb\u00e9m se defendeu da acusa\u00e7\u00e3o de que teria interferido nas investiga\u00e7\u00f5es ao informar Ribeiro com anteced\u00eancia que ele ser preso.<\/p>\n<p style=\"text-align: justify;\">&#8221; O objetivo \u00e9 constranger, humilhar, <strong>dizer que o governo \u00e9 corrupto, que \u00e9 igual ao do Lula<\/strong>. S\u00e3o narrativas que tentam a todo momento desgastar o governo, nada al\u00e9m disso. Se acontecer algo de errado, a gente colabora com a investiga\u00e7\u00e3o. At\u00e9 o momento, n\u00e3o tem o m\u00ednimo ind\u00edcio de alguma coisa contra o ministro Milton\u201d, garantiu Bolsonaro.<\/p>\n","protected":false},"excerpt":{"rendered":"<p>O presidente Jair Bolsonaro afirmou que o caso do ex-ministro da Educa\u00e7\u00e3o Milton Ribeiro, acusado de den\u00fancias de supostas corrup\u00e7\u00e3o enquanto esteve \u00e0 frente da pasta, \u00e9 uma tentativa de constranger o governo atual. \u00a0Para Bolsonaro, a pris\u00e3o foi injusta e, at\u00e9 o momento, n\u00e3o encontrou evid\u00eancias de que Milton tenha cometido atos de corrup\u00e7\u00e3o. [&hellip;]<\/p>\n","protected":false},"author":2,"featured_media":172050,"comment_status":"open","ping_status":"open","sticky":false,"template":"","format":"standard","meta":{"_monsterinsights_skip_tracking":false,"_monsterinsights_sitenote_active":false,"_monsterinsights_sitenote_note":"","_monsterinsights_sitenote_category":0},"categories":[6,30260,30259],"tags":[21017,78,480,38089,1790],"aioseo_notices":[],"_links":{"self":[{"href":"https:\/\/mspontocom.com.br\/site\/wp-json\/wp\/v2\/posts\/172043"}],"collection":[{"href":"https:\/\/mspontocom.com.br\/site\/wp-json\/wp\/v2\/posts"}],"about":[{"href":"https:\/\/mspontocom.com.br\/site\/wp-json\/wp\/v2\/types\/post"}],"author":[{"embeddable":true,"href":"https:\/\/mspontocom.com.br\/site\/wp-json\/wp\/v2\/users\/2"}],"replies":[{"embeddable":true,"href":"https:\/\/mspontocom.com.br\/site\/wp-json\/wp\/v2\/comments?post=172043"}],"version-history":[{"count":2,"href":"https:\/\/mspontocom.com.br\/site\/wp-json\/wp\/v2\/posts\/172043\/revisions"}],"predecessor-version":[{"id":172051,"href":"https:\/\/mspontocom.com.br\/site\/wp-json\/wp\/v2\/posts\/172043\/revisions\/172051"}],"wp:featuredmedia":[{"embeddable":true,"href":"https:\/\/mspontocom.com.br\/site\/wp-json\/wp\/v2\/media\/172050"}],"wp:attachment":[{"href":"https:\/\/mspontocom.com.br\/site\/wp-json\/wp\/v2\/media?parent=172043"}],"wp:term":[{"taxonomy":"category","embeddable":true,"href":"https:\/\/mspontocom.com.br\/site\/wp-json\/wp\/v2\/categories?post=172043"},{"taxonomy":"post_tag","embeddable":true,"href":"https:\/\/mspontocom.com.br\/site\/wp-json\/wp\/v2\/tags?post=172043"}],"curies":[{"name":"wp","href":"https:\/\/api.w.org\/{rel}","templated":true}]}}