{"id":172045,"date":"2022-06-27T15:44:26","date_gmt":"2022-06-27T19:44:26","guid":{"rendered":"https:\/\/mspontocom.com.br\/site\/?p=172045"},"modified":"2022-06-27T15:23:43","modified_gmt":"2022-06-27T19:23:43","slug":"revista-elenca-os-presos-nos-governos-do-pt-veja-a-lista","status":"publish","type":"post","link":"https:\/\/mspontocom.com.br\/site\/revista-elenca-os-presos-nos-governos-do-pt-veja-a-lista\/","title":{"rendered":"Revista elenca os presos nos governos do PT.  Veja a lista"},"content":{"rendered":"<p style=\"text-align: justify;\"><img loading=\"lazy\" class=\"alignnone size-medium wp-image-172052\" src=\"https:\/\/mspontocom.com.br\/site\/wp-content\/uploads\/2022\/06\/site-revista-elenca-os-presos-nos-governos-do-pt-veja-a-lista-investigados-corrupcao1457438726-e1656322942541-260x160.jpg\" alt=\"\" width=\"260\" height=\"160\" srcset=\"https:\/\/mspontocom.com.br\/site\/wp-content\/uploads\/2022\/06\/site-revista-elenca-os-presos-nos-governos-do-pt-veja-a-lista-investigados-corrupcao1457438726-e1656322942541-260x160.jpg 260w, https:\/\/mspontocom.com.br\/site\/wp-content\/uploads\/2022\/06\/site-revista-elenca-os-presos-nos-governos-do-pt-veja-a-lista-investigados-corrupcao1457438726-e1656322942541-768x473.jpg 768w, https:\/\/mspontocom.com.br\/site\/wp-content\/uploads\/2022\/06\/site-revista-elenca-os-presos-nos-governos-do-pt-veja-a-lista-investigados-corrupcao1457438726-e1656322942541.jpg 897w\" sizes=\"(max-width: 260px) 100vw, 260px\" \/><\/p>\n<p style=\"text-align: justify;\">A Revista Oeste divulgou lista dos presos durante os governos de<strong> Luiz In\u00e1cio Lula da Silva<\/strong> ( 2003- 2010) e de <strong>Dilma Rousseff<\/strong> ( 2011 \u2013 2016).<\/p>\n<p style=\"text-align: justify;\">A Justi\u00e7a brasileira prendeu pol\u00edticos filiados ao <strong>PT<\/strong> e executivos de estatais envolvidos em esquemas de corrup\u00e7\u00e3o, lavagem de dinheiro e desvio de recursos dos pagadores de impostos.<\/p>\n<p style=\"text-align: justify;\"><strong><a href=\"https:\/\/revistaoeste.com\/revista\/edicao-116\/o-mais-obsceno-faroeste-a-brasileira\/\">Em artigo publicado na Edi\u00e7\u00e3o 116<\/a><\/strong>, a revita tamb\u00e9m\u00a0tra\u00e7a um panorama dos sete anos de Opera\u00e7\u00e3o Lava Jato, com suas 79 fases, 295 pris\u00f5es e R$ 15 bilh\u00f5es devolvidos aos cofres p\u00fablicos.<\/p>\n<h2 style=\"text-align: justify;\">Veja a lista:<\/h2>\n<p style=\"text-align: justify;\">1. Aldemir Bendine, ex-presidente da Petrobras e do Banco do Brasil<\/p>\n<p style=\"text-align: justify;\">2. Wagner Pinheiro, ex-presidente dos Correios<br \/>\n3. Othon Silva, ex-presidente da Eletronuclear<\/p>\n<p style=\"text-align: justify;\">4. Juquinha das Neves, ex-presidente da Valec, estatal respons\u00e1vel pela administra\u00e7\u00e3o e constru\u00e7\u00e3o das ferrovias<br \/>\n5. Renato Duque, ex-diretor da Petrobras<br \/>\n6. Nestor Cerver\u00f3, ex-diretor da Petrobras<br \/>\n7. Jorge Zelada, ex-diretor da Petrobras<br \/>\n8. Guilherme Lacerda, ex-diretor do Fundo de Pens\u00e3o de Funcion\u00e1rios da Caixa e do BNDES<br \/>\n9. Paulo Roberto Costa, diretor de Abastecimento da Petrobras<br \/>\n10. Jo\u00e3o Vaccari, ex-tesoureiro do PT<br \/>\n11. Paulo Ferreira, ex-tesoureiro do PT<br \/>\n12. Del\u00fabio Soares, ex-tesoureiro do PT<br \/>\n13. Paulo Bernardo, ex-secret\u00e1rio do PT<br \/>\n14. C\u00e2ndido Vaccarezza, ex-l\u00edder do PT na C\u00e2mara dos Deputados<br \/>\n15. Delc\u00eddio do Amaral, ex-l\u00edder do governo do PT no Senado<br \/>\n16. Jos\u00e9 Dirceu, ex-ministro-chefe da Casa Civil no governo Lula<br \/>\n17. Antonio Palocci, ex-ministro da Fazenda no governo Lula<br \/>\n18. Pedro Barusco, ex-gerente Executivo de Engenharia da Petrobras19<br \/>\n19. Andr\u00e9 Vargas, ex-vice presidente da C\u00e2mara dos Deputados pelo PT<br \/>\n20. Luiz In\u00e1cio Lula da Silva, ex-presidente da Rep\u00fablica<\/p>\n","protected":false},"excerpt":{"rendered":"<p>A Revista Oeste divulgou lista dos presos durante os governos de Luiz In\u00e1cio Lula da Silva ( 2003- 2010) e de Dilma Rousseff ( 2011 \u2013 2016). A Justi\u00e7a brasileira prendeu pol\u00edticos filiados ao PT e executivos de estatais envolvidos em esquemas de corrup\u00e7\u00e3o, lavagem de dinheiro e desvio de recursos dos pagadores de impostos. [&hellip;]<\/p>\n","protected":false},"author":2,"featured_media":172052,"comment_status":"open","ping_status":"open","sticky":false,"template":"","format":"standard","meta":{"_monsterinsights_skip_tracking":false,"_monsterinsights_sitenote_active":false,"_monsterinsights_sitenote_note":"","_monsterinsights_sitenote_category":0},"categories":[6,30260,30259],"tags":[2322,9373,533],"aioseo_notices":[],"_links":{"self":[{"href":"https:\/\/mspontocom.com.br\/site\/wp-json\/wp\/v2\/posts\/172045"}],"collection":[{"href":"https:\/\/mspontocom.com.br\/site\/wp-json\/wp\/v2\/posts"}],"about":[{"href":"https:\/\/mspontocom.com.br\/site\/wp-json\/wp\/v2\/types\/post"}],"author":[{"embeddable":true,"href":"https:\/\/mspontocom.com.br\/site\/wp-json\/wp\/v2\/users\/2"}],"replies":[{"embeddable":true,"href":"https:\/\/mspontocom.com.br\/site\/wp-json\/wp\/v2\/comments?post=172045"}],"version-history":[{"count":2,"href":"https:\/\/mspontocom.com.br\/site\/wp-json\/wp\/v2\/posts\/172045\/revisions"}],"predecessor-version":[{"id":172053,"href":"https:\/\/mspontocom.com.br\/site\/wp-json\/wp\/v2\/posts\/172045\/revisions\/172053"}],"wp:featuredmedia":[{"embeddable":true,"href":"https:\/\/mspontocom.com.br\/site\/wp-json\/wp\/v2\/media\/172052"}],"wp:attachment":[{"href":"https:\/\/mspontocom.com.br\/site\/wp-json\/wp\/v2\/media?parent=172045"}],"wp:term":[{"taxonomy":"category","embeddable":true,"href":"https:\/\/mspontocom.com.br\/site\/wp-json\/wp\/v2\/categories?post=172045"},{"taxonomy":"post_tag","embeddable":true,"href":"https:\/\/mspontocom.com.br\/site\/wp-json\/wp\/v2\/tags?post=172045"}],"curies":[{"name":"wp","href":"https:\/\/api.w.org\/{rel}","templated":true}]}}