{"id":172076,"date":"2022-06-28T14:44:13","date_gmt":"2022-06-28T18:44:13","guid":{"rendered":"https:\/\/mspontocom.com.br\/site\/?p=172076"},"modified":"2022-06-28T14:38:52","modified_gmt":"2022-06-28T18:38:52","slug":"ex-coordenador-da-lava-jato-critica-lula-e-sinaliza-apoio-a-bolsonaro","status":"publish","type":"post","link":"https:\/\/mspontocom.com.br\/site\/ex-coordenador-da-lava-jato-critica-lula-e-sinaliza-apoio-a-bolsonaro\/","title":{"rendered":"Ex-coordenador da Lava Jato critica Lula e sinaliza apoio a Bolsonaro"},"content":{"rendered":"<p style=\"text-align: justify;\"><img loading=\"lazy\" class=\"alignnone size-medium wp-image-172082\" src=\"https:\/\/mspontocom.com.br\/site\/wp-content\/uploads\/2022\/06\/site-ex-coordenador-da-lava-jato-critica-lula-e-sinaliza-apoio-a-bolsonaro-deltan-e1656409330486-260x126.jpg\" alt=\"\" width=\"260\" height=\"126\" srcset=\"https:\/\/mspontocom.com.br\/site\/wp-content\/uploads\/2022\/06\/site-ex-coordenador-da-lava-jato-critica-lula-e-sinaliza-apoio-a-bolsonaro-deltan-e1656409330486-260x126.jpg 260w, https:\/\/mspontocom.com.br\/site\/wp-content\/uploads\/2022\/06\/site-ex-coordenador-da-lava-jato-critica-lula-e-sinaliza-apoio-a-bolsonaro-deltan-e1656409330486.jpg 687w\" sizes=\"(max-width: 260px) 100vw, 260px\" \/><\/p>\n<p style=\"text-align: justify;\">Ex-coordenador da Lava Jato e ex-procurador do Minist\u00e9rio P\u00fablico Federal,<strong> Deltan Dallagnol<\/strong> utilizou as suas redes sociais nesta segunda-feira para responder a perguntas realizadas pelos seus seguidores.<\/p>\n<p style=\"text-align: justify;\">Um dos questionamentos foi um eventual apoio no segundo turno das elei\u00e7\u00f5es presidenciais aos l\u00edderes nas pesquisas de inten\u00e7\u00e3o de voto: <strong>Lula<\/strong> e <strong>Jair Bolsonaro. <\/strong><\/p>\n<p style=\"text-align: justify;\">Em sua resposta, Deltan afirma que uma eventual vit\u00f3ria petista \u2013 e seu retorno ao comando do Pal\u00e1cio do Planalto \u2013 seria amea\u00e7adora\u201d ao pa\u00eds.<\/p>\n<p style=\"text-align: justify;\">\u201cPor mais que eu n\u00e3o goste de muitas atitudes do atual governo, simplesmente n\u00e3o h\u00e1 nada pior ou mais amea\u00e7ador para o futuro do Brasil do que o<strong> PT e o Lula<\/strong> voltarem para a <strong>cena do crime\u201d<\/strong>, alegou.<\/p>\n","protected":false},"excerpt":{"rendered":"<p>Ex-coordenador da Lava Jato e ex-procurador do Minist\u00e9rio P\u00fablico Federal, Deltan Dallagnol utilizou as suas redes sociais nesta segunda-feira para responder a perguntas realizadas pelos seus seguidores. Um dos questionamentos foi um eventual apoio no segundo turno das elei\u00e7\u00f5es presidenciais aos l\u00edderes nas pesquisas de inten\u00e7\u00e3o de voto: Lula e Jair Bolsonaro. Em sua resposta, [&hellip;]<\/p>\n","protected":false},"author":2,"featured_media":172082,"comment_status":"open","ping_status":"open","sticky":false,"template":"","format":"standard","meta":{"_monsterinsights_skip_tracking":false,"_monsterinsights_sitenote_active":false,"_monsterinsights_sitenote_note":"","_monsterinsights_sitenote_category":0},"categories":[30260,30259,12],"tags":[3546,21017,37896,34258,21419,480],"aioseo_notices":[],"_links":{"self":[{"href":"https:\/\/mspontocom.com.br\/site\/wp-json\/wp\/v2\/posts\/172076"}],"collection":[{"href":"https:\/\/mspontocom.com.br\/site\/wp-json\/wp\/v2\/posts"}],"about":[{"href":"https:\/\/mspontocom.com.br\/site\/wp-json\/wp\/v2\/types\/post"}],"author":[{"embeddable":true,"href":"https:\/\/mspontocom.com.br\/site\/wp-json\/wp\/v2\/users\/2"}],"replies":[{"embeddable":true,"href":"https:\/\/mspontocom.com.br\/site\/wp-json\/wp\/v2\/comments?post=172076"}],"version-history":[{"count":2,"href":"https:\/\/mspontocom.com.br\/site\/wp-json\/wp\/v2\/posts\/172076\/revisions"}],"predecessor-version":[{"id":172083,"href":"https:\/\/mspontocom.com.br\/site\/wp-json\/wp\/v2\/posts\/172076\/revisions\/172083"}],"wp:featuredmedia":[{"embeddable":true,"href":"https:\/\/mspontocom.com.br\/site\/wp-json\/wp\/v2\/media\/172082"}],"wp:attachment":[{"href":"https:\/\/mspontocom.com.br\/site\/wp-json\/wp\/v2\/media?parent=172076"}],"wp:term":[{"taxonomy":"category","embeddable":true,"href":"https:\/\/mspontocom.com.br\/site\/wp-json\/wp\/v2\/categories?post=172076"},{"taxonomy":"post_tag","embeddable":true,"href":"https:\/\/mspontocom.com.br\/site\/wp-json\/wp\/v2\/tags?post=172076"}],"curies":[{"name":"wp","href":"https:\/\/api.w.org\/{rel}","templated":true}]}}