{"id":172078,"date":"2022-06-28T06:00:16","date_gmt":"2022-06-28T10:00:16","guid":{"rendered":"https:\/\/mspontocom.com.br\/site\/?p=172078"},"modified":"2022-06-28T06:00:16","modified_gmt":"2022-06-28T10:00:16","slug":"dallagnol-nao-ha-nada-pior-do-que-o-pt-e-lula-voltarem-a-cena-do-crime","status":"publish","type":"post","link":"https:\/\/mspontocom.com.br\/site\/dallagnol-nao-ha-nada-pior-do-que-o-pt-e-lula-voltarem-a-cena-do-crime\/","title":{"rendered":"Dallagnol: \u2018N\u00e3o h\u00e1 nada pior do que o PT e Lula voltarem \u00e0 cena do crime\u2019"},"content":{"rendered":"<p style=\"text-align: justify;\"><img loading=\"lazy\" class=\"alignnone size-medium wp-image-172087\" src=\"https:\/\/mspontocom.com.br\/site\/wp-content\/uploads\/2022\/06\/site-dallagnol-nao-ha-nada-pior-do-que-o-pt-e-lula-voltarem-a-cena-do-crime-deltan1-260x125.jpg\" alt=\"\" width=\"260\" height=\"125\" srcset=\"https:\/\/mspontocom.com.br\/site\/wp-content\/uploads\/2022\/06\/site-dallagnol-nao-ha-nada-pior-do-que-o-pt-e-lula-voltarem-a-cena-do-crime-deltan1-260x125.jpg 260w, https:\/\/mspontocom.com.br\/site\/wp-content\/uploads\/2022\/06\/site-dallagnol-nao-ha-nada-pior-do-que-o-pt-e-lula-voltarem-a-cena-do-crime-deltan1-1024x492.jpg 1024w, https:\/\/mspontocom.com.br\/site\/wp-content\/uploads\/2022\/06\/site-dallagnol-nao-ha-nada-pior-do-que-o-pt-e-lula-voltarem-a-cena-do-crime-deltan1-768x369.jpg 768w, https:\/\/mspontocom.com.br\/site\/wp-content\/uploads\/2022\/06\/site-dallagnol-nao-ha-nada-pior-do-que-o-pt-e-lula-voltarem-a-cena-do-crime-deltan1.jpg 1250w\" sizes=\"(max-width: 260px) 100vw, 260px\" \/><\/p>\n<p style=\"text-align: justify;\">Ao responder perguntas de seguidores nas redes sociais, o ex-procurador da Lava Jato <strong>Deltan Dallagnol<\/strong> (Podemos), pr\u00e9-candidato a deputado federal pelo Paran\u00e1, afirmou que <strong>n\u00e3o h\u00e1 nada pior para o Brasil do que o PT retornar ao poder.<\/strong><\/p>\n<p style=\"text-align: justify;\">\u201cPor mais que eu n\u00e3o goste de muitas atitudes do atual governo, simplesmente n\u00e3o h\u00e1 nada pior ou mais amea\u00e7ador para o futuro do Brasil do que o PT e<strong> Lula<\/strong> voltarem para a cena do crime\u201d, disse o ex-coordenador da Lava Jato.<\/p>\n<p style=\"text-align: justify;\">Deltan vive uma \u201cguerra\u201d com petistas por causa da opera\u00e7\u00e3o que prendeu diversos integrantes do partido e empreiteiros por corrup\u00e7\u00e3o.<\/p>\n<p style=\"text-align: justify;\">\u00a0Para Dallagnol, a investiga\u00e7\u00e3o \u00e9 uma forma de vingan\u00e7a.<\/p>\n","protected":false},"excerpt":{"rendered":"<p>Ao responder perguntas de seguidores nas redes sociais, o ex-procurador da Lava Jato Deltan Dallagnol (Podemos), pr\u00e9-candidato a deputado federal pelo Paran\u00e1, afirmou que n\u00e3o h\u00e1 nada pior para o Brasil do que o PT retornar ao poder. \u201cPor mais que eu n\u00e3o goste de muitas atitudes do atual governo, simplesmente n\u00e3o h\u00e1 nada pior [&hellip;]<\/p>\n","protected":false},"author":2,"featured_media":172087,"comment_status":"open","ping_status":"open","sticky":false,"template":"","format":"standard","meta":{"_monsterinsights_skip_tracking":false,"_monsterinsights_sitenote_active":false,"_monsterinsights_sitenote_note":"","_monsterinsights_sitenote_category":0},"categories":[12],"tags":[37896,23269,480,533],"aioseo_notices":[],"_links":{"self":[{"href":"https:\/\/mspontocom.com.br\/site\/wp-json\/wp\/v2\/posts\/172078"}],"collection":[{"href":"https:\/\/mspontocom.com.br\/site\/wp-json\/wp\/v2\/posts"}],"about":[{"href":"https:\/\/mspontocom.com.br\/site\/wp-json\/wp\/v2\/types\/post"}],"author":[{"embeddable":true,"href":"https:\/\/mspontocom.com.br\/site\/wp-json\/wp\/v2\/users\/2"}],"replies":[{"embeddable":true,"href":"https:\/\/mspontocom.com.br\/site\/wp-json\/wp\/v2\/comments?post=172078"}],"version-history":[{"count":2,"href":"https:\/\/mspontocom.com.br\/site\/wp-json\/wp\/v2\/posts\/172078\/revisions"}],"predecessor-version":[{"id":172088,"href":"https:\/\/mspontocom.com.br\/site\/wp-json\/wp\/v2\/posts\/172078\/revisions\/172088"}],"wp:featuredmedia":[{"embeddable":true,"href":"https:\/\/mspontocom.com.br\/site\/wp-json\/wp\/v2\/media\/172087"}],"wp:attachment":[{"href":"https:\/\/mspontocom.com.br\/site\/wp-json\/wp\/v2\/media?parent=172078"}],"wp:term":[{"taxonomy":"category","embeddable":true,"href":"https:\/\/mspontocom.com.br\/site\/wp-json\/wp\/v2\/categories?post=172078"},{"taxonomy":"post_tag","embeddable":true,"href":"https:\/\/mspontocom.com.br\/site\/wp-json\/wp\/v2\/tags?post=172078"}],"curies":[{"name":"wp","href":"https:\/\/api.w.org\/{rel}","templated":true}]}}