{"id":172084,"date":"2022-06-28T05:53:08","date_gmt":"2022-06-28T09:53:08","guid":{"rendered":"https:\/\/mspontocom.com.br\/site\/?p=172084"},"modified":"2022-06-28T05:53:08","modified_gmt":"2022-06-28T09:53:08","slug":"forcas-armadas-reafirmam-que-vao-fiscalizar-eleicoes","status":"publish","type":"post","link":"https:\/\/mspontocom.com.br\/site\/forcas-armadas-reafirmam-que-vao-fiscalizar-eleicoes\/","title":{"rendered":"For\u00e7as Armadas reafirmam que v\u00e3o fiscalizar elei\u00e7\u00f5es"},"content":{"rendered":"<p style=\"text-align: justify;\"><img loading=\"lazy\" class=\"alignnone size-medium wp-image-172085\" src=\"https:\/\/mspontocom.com.br\/site\/wp-content\/uploads\/2022\/06\/site-forcas-armadas-reafirmam-que-vao-fiscalizar-eleicoes-exercito-urnas-divulgacao-comando-militar-sul-e1656409909620-260x137.jpg\" alt=\"\" width=\"260\" height=\"137\" srcset=\"https:\/\/mspontocom.com.br\/site\/wp-content\/uploads\/2022\/06\/site-forcas-armadas-reafirmam-que-vao-fiscalizar-eleicoes-exercito-urnas-divulgacao-comando-militar-sul-e1656409909620-260x137.jpg 260w, https:\/\/mspontocom.com.br\/site\/wp-content\/uploads\/2022\/06\/site-forcas-armadas-reafirmam-que-vao-fiscalizar-eleicoes-exercito-urnas-divulgacao-comando-militar-sul-e1656409909620.jpg 585w\" sizes=\"(max-width: 260px) 100vw, 260px\" \/><\/p>\n<p style=\"text-align: justify;\">O ministro da Defesa, general Paulo Sergio Nogueira, enviou of\u00edcio ao<strong> TSE<\/strong> (Tribunal Superior Eleitoral) indicando o nome dos 10 representantes das <strong>For\u00e7as Armadas<\/strong> que v\u00e3o fiscalizar as elei\u00e7\u00f5es deste ano.<\/p>\n<p style=\"text-align: justify;\">Diversos \u00f3rg\u00e3os podem atuar como \u201centidades fiscalizadoras\u201d das elei\u00e7\u00f5es.<\/p>\n<p style=\"text-align: justify;\">Entre eles est\u00e3o OAB , MP (Minist\u00e9rio P\u00fablico), PF (Pol\u00edcia Federal), STF e Congresso Nacional.<\/p>\n<p style=\"text-align: justify;\">A Defesa j\u00e1 havia informado em 20 de junho que indicaria seus representantes.<\/p>\n<p style=\"text-align: justify;\">Na ocasi\u00e3o, afirmou que designaria \u201ct\u00e9cnicos militares\u201d.<\/p>\n<p>O ministro da Defesa enviou os 10 nomes dos representantes.<\/p>\n<p style=\"text-align: justify;\">S\u00e3o eles: Coronel Marcelo Nogueira de Souza, do Ex\u00e9rcito, que atuar\u00e1 como chefe da equipe das For\u00e7as Armadas;<\/p>\n<p style=\"text-align: justify;\">Coronel Wagner Oliveira da Silva, da Aeron\u00e1utica;<\/p>\n<p style=\"text-align: justify;\">Coronel Ricardo Sant\u2019ana, do Ex\u00e9rcito;<\/p>\n<p style=\"text-align: justify;\">Capit\u00e3o Marcus Rogers Cavalcante Andrade, da Marinha;<\/p>\n<p style=\"text-align: justify;\">Capit\u00e3o Helio Mendes Salmon, da Marinha;<\/p>\n<p style=\"text-align: justify;\">Capital Vilc Queupe Rufino, da Marinha;<\/p>\n<p style=\"text-align: justify;\">Tenente-coronel Rafael Salema Marques, da Aeron\u00e1utica;<\/p>\n<p style=\"text-align: justify;\">Major Renato Vargas Monteiro, do Ex\u00e9rcito;<\/p>\n<p style=\"text-align: justify;\">Major Ant\u00f4nio Amite, do Ex\u00e9rcito;<\/p>\n<p style=\"text-align: justify;\">Capit\u00e3o Heitor Albuquerque Vieira, da Aeron\u00e1utica.<\/p>\n<p style=\"text-align: justify;\">Em 10 de junho, a Defesa enviou of\u00edcio ao TSE afirmando que as For\u00e7as Armadas <strong>n\u00e3o se \u201csentem devidamente prestigiadas\u201d<\/strong> pela Corte.<\/p>\n<p style=\"text-align: justify;\">O motivo seria a falta de di\u00e1logo sobre 7 sugest\u00f5es feitas pelos militares \u00e0 Corte.<\/p>\n","protected":false},"excerpt":{"rendered":"<p>O ministro da Defesa, general Paulo Sergio Nogueira, enviou of\u00edcio ao TSE (Tribunal Superior Eleitoral) indicando o nome dos 10 representantes das For\u00e7as Armadas que v\u00e3o fiscalizar as elei\u00e7\u00f5es deste ano. Diversos \u00f3rg\u00e3os podem atuar como \u201centidades fiscalizadoras\u201d das elei\u00e7\u00f5es. Entre eles est\u00e3o OAB , MP (Minist\u00e9rio P\u00fablico), PF (Pol\u00edcia Federal), STF e Congresso Nacional. [&hellip;]<\/p>\n","protected":false},"author":2,"featured_media":172085,"comment_status":"open","ping_status":"open","sticky":false,"template":"","format":"standard","meta":{"_monsterinsights_skip_tracking":false,"_monsterinsights_sitenote_active":false,"_monsterinsights_sitenote_note":"","_monsterinsights_sitenote_category":0},"categories":[6,30260,30259],"tags":[1887,182,34852,25419],"aioseo_notices":[],"_links":{"self":[{"href":"https:\/\/mspontocom.com.br\/site\/wp-json\/wp\/v2\/posts\/172084"}],"collection":[{"href":"https:\/\/mspontocom.com.br\/site\/wp-json\/wp\/v2\/posts"}],"about":[{"href":"https:\/\/mspontocom.com.br\/site\/wp-json\/wp\/v2\/types\/post"}],"author":[{"embeddable":true,"href":"https:\/\/mspontocom.com.br\/site\/wp-json\/wp\/v2\/users\/2"}],"replies":[{"embeddable":true,"href":"https:\/\/mspontocom.com.br\/site\/wp-json\/wp\/v2\/comments?post=172084"}],"version-history":[{"count":1,"href":"https:\/\/mspontocom.com.br\/site\/wp-json\/wp\/v2\/posts\/172084\/revisions"}],"predecessor-version":[{"id":172086,"href":"https:\/\/mspontocom.com.br\/site\/wp-json\/wp\/v2\/posts\/172084\/revisions\/172086"}],"wp:featuredmedia":[{"embeddable":true,"href":"https:\/\/mspontocom.com.br\/site\/wp-json\/wp\/v2\/media\/172085"}],"wp:attachment":[{"href":"https:\/\/mspontocom.com.br\/site\/wp-json\/wp\/v2\/media?parent=172084"}],"wp:term":[{"taxonomy":"category","embeddable":true,"href":"https:\/\/mspontocom.com.br\/site\/wp-json\/wp\/v2\/categories?post=172084"},{"taxonomy":"post_tag","embeddable":true,"href":"https:\/\/mspontocom.com.br\/site\/wp-json\/wp\/v2\/tags?post=172084"}],"curies":[{"name":"wp","href":"https:\/\/api.w.org\/{rel}","templated":true}]}}