{"id":172144,"date":"2022-06-30T16:20:17","date_gmt":"2022-06-30T20:20:17","guid":{"rendered":"https:\/\/mspontocom.com.br\/site\/?p=172144"},"modified":"2022-06-30T15:28:22","modified_gmt":"2022-06-30T19:28:22","slug":"flavio-bolsonaro-diz-que-e-impossivel-conter-reacao-de-apoiadores-a-resultado-de-eleicoes","status":"publish","type":"post","link":"https:\/\/mspontocom.com.br\/site\/flavio-bolsonaro-diz-que-e-impossivel-conter-reacao-de-apoiadores-a-resultado-de-eleicoes\/","title":{"rendered":"Fl\u00e1vio Bolsonaro diz que \u00e9 imposs\u00edvel conter rea\u00e7\u00e3o de apoiadores a resultado de elei\u00e7\u00f5es"},"content":{"rendered":"<p style=\"text-align: justify;\"><img loading=\"lazy\" class=\"alignnone size-medium wp-image-172155\" src=\"https:\/\/mspontocom.com.br\/site\/wp-content\/uploads\/2022\/06\/site-flavio-bolsonaro-diz-que-e-impossivel-conter-reacao-de-apoiadores-a-resultado-de-eleicoes-flavio-bolsonaro-e1656587895174-260x170.jpg\" alt=\"\" width=\"260\" height=\"170\" srcset=\"https:\/\/mspontocom.com.br\/site\/wp-content\/uploads\/2022\/06\/site-flavio-bolsonaro-diz-que-e-impossivel-conter-reacao-de-apoiadores-a-resultado-de-eleicoes-flavio-bolsonaro-e1656587895174-260x170.jpg 260w, https:\/\/mspontocom.com.br\/site\/wp-content\/uploads\/2022\/06\/site-flavio-bolsonaro-diz-que-e-impossivel-conter-reacao-de-apoiadores-a-resultado-de-eleicoes-flavio-bolsonaro-e1656587895174-768x502.jpg 768w, https:\/\/mspontocom.com.br\/site\/wp-content\/uploads\/2022\/06\/site-flavio-bolsonaro-diz-que-e-impossivel-conter-reacao-de-apoiadores-a-resultado-de-eleicoes-flavio-bolsonaro-e1656587895174.jpg 865w\" sizes=\"(max-width: 260px) 100vw, 260px\" \/><\/p>\n<p style=\"text-align: justify;\">Coordenador da campanha \u00e0 reelei\u00e7\u00e3o de<strong> Jair Bolsonaro<\/strong>, o senador <strong>Flavio Bolsonaro<\/strong> afirmou que o presidente n\u00e3o ter\u00e1 como controlar uma eventual rea\u00e7\u00e3o de apoiadores que contestem o resultado das urnas.<\/p>\n<p style=\"text-align: justify;\">Fl\u00e1vio n\u00e3o quis confirmar se Bolsonaro reconheceria uma derrota, mas negou que planeje estimular um levante.<\/p>\n<p style=\"text-align: justify;\">\u201cAlgo incentivado pelo presidente Bolsonaro, a chance \u00e9 zero\u201d, disse ele em entrevista ao <strong>Estad\u00e3o<\/strong>.<\/p>\n<p style=\"text-align: justify;\">O presidente pede uma elei\u00e7\u00e3o segura e transparente, era o que o TSE deveria fazer por obriga\u00e7\u00e3o.<\/p>\n<p style=\"text-align: justify;\">Por que n\u00e3o atende \u00e0s sugest\u00f5es feitas pelo Ex\u00e9rcito se eles apontaram que existem vulnerabilidades e deram solu\u00e7\u00f5es? A bola est\u00e1 com o TSE.<\/p>\n","protected":false},"excerpt":{"rendered":"<p>Coordenador da campanha \u00e0 reelei\u00e7\u00e3o de Jair Bolsonaro, o senador Flavio Bolsonaro afirmou que o presidente n\u00e3o ter\u00e1 como controlar uma eventual rea\u00e7\u00e3o de apoiadores que contestem o resultado das urnas. Fl\u00e1vio n\u00e3o quis confirmar se Bolsonaro reconheceria uma derrota, mas negou que planeje estimular um levante. \u201cAlgo incentivado pelo presidente Bolsonaro, a chance \u00e9 [&hellip;]<\/p>\n","protected":false},"author":2,"featured_media":172155,"comment_status":"open","ping_status":"open","sticky":false,"template":"","format":"standard","meta":{"_monsterinsights_skip_tracking":false,"_monsterinsights_sitenote_active":false,"_monsterinsights_sitenote_note":"","_monsterinsights_sitenote_category":0},"categories":[30260,30259,12],"tags":[29093,1887,32992,27696,22277],"aioseo_notices":[],"_links":{"self":[{"href":"https:\/\/mspontocom.com.br\/site\/wp-json\/wp\/v2\/posts\/172144"}],"collection":[{"href":"https:\/\/mspontocom.com.br\/site\/wp-json\/wp\/v2\/posts"}],"about":[{"href":"https:\/\/mspontocom.com.br\/site\/wp-json\/wp\/v2\/types\/post"}],"author":[{"embeddable":true,"href":"https:\/\/mspontocom.com.br\/site\/wp-json\/wp\/v2\/users\/2"}],"replies":[{"embeddable":true,"href":"https:\/\/mspontocom.com.br\/site\/wp-json\/wp\/v2\/comments?post=172144"}],"version-history":[{"count":2,"href":"https:\/\/mspontocom.com.br\/site\/wp-json\/wp\/v2\/posts\/172144\/revisions"}],"predecessor-version":[{"id":172156,"href":"https:\/\/mspontocom.com.br\/site\/wp-json\/wp\/v2\/posts\/172144\/revisions\/172156"}],"wp:featuredmedia":[{"embeddable":true,"href":"https:\/\/mspontocom.com.br\/site\/wp-json\/wp\/v2\/media\/172155"}],"wp:attachment":[{"href":"https:\/\/mspontocom.com.br\/site\/wp-json\/wp\/v2\/media?parent=172144"}],"wp:term":[{"taxonomy":"category","embeddable":true,"href":"https:\/\/mspontocom.com.br\/site\/wp-json\/wp\/v2\/categories?post=172144"},{"taxonomy":"post_tag","embeddable":true,"href":"https:\/\/mspontocom.com.br\/site\/wp-json\/wp\/v2\/tags?post=172144"}],"curies":[{"name":"wp","href":"https:\/\/api.w.org\/{rel}","templated":true}]}}