{"id":172152,"date":"2022-06-30T16:51:56","date_gmt":"2022-06-30T20:51:56","guid":{"rendered":"https:\/\/mspontocom.com.br\/site\/?p=172152"},"modified":"2022-06-30T16:25:02","modified_gmt":"2022-06-30T20:25:02","slug":"e-ai-stf-lula-admite-ter-informacoes-privilegiadas-da-policia-federal","status":"publish","type":"post","link":"https:\/\/mspontocom.com.br\/site\/e-ai-stf-lula-admite-ter-informacoes-privilegiadas-da-policia-federal\/","title":{"rendered":"E a\u00ed STF ?:  Lula admite ter informa\u00e7\u00f5es privilegiadas da Pol\u00edcia Federal"},"content":{"rendered":"<p style=\"text-align: justify;\"><img loading=\"lazy\" class=\"alignnone size-medium wp-image-172153\" src=\"https:\/\/mspontocom.com.br\/site\/wp-content\/uploads\/2022\/06\/site-e-ai-stf-lula-admite-ter-informacoes-previligiadas-da-policia-federal-lula-stf-e1656587286586-260x119.jpg\" alt=\"\" width=\"260\" height=\"119\" srcset=\"https:\/\/mspontocom.com.br\/site\/wp-content\/uploads\/2022\/06\/site-e-ai-stf-lula-admite-ter-informacoes-previligiadas-da-policia-federal-lula-stf-e1656587286586-260x119.jpg 260w, https:\/\/mspontocom.com.br\/site\/wp-content\/uploads\/2022\/06\/site-e-ai-stf-lula-admite-ter-informacoes-previligiadas-da-policia-federal-lula-stf-e1656587286586.jpg 710w\" sizes=\"(max-width: 260px) 100vw, 260px\" \/><\/p>\n<p style=\"text-align: justify;\">O ex-presidente <strong>Lula<\/strong> afirmou\u00a0 que foi informado com 12 horas de <strong>anteced\u00eancia sobre uma opera\u00e7\u00e3o da Pol\u00edcia Federal\u00a0<\/strong>deflagrada contra um de seus irm\u00e3os enquanto ocupava o Pal\u00e1cio do Planalto.<\/p>\n<p style=\"text-align: justify;\">Em entrevista \u00e0 R\u00e1dio Educadora, o petista n\u00e3o informou quem teria sido o respons\u00e1vel por vazar a informa\u00e7\u00e3o sobre a opera\u00e7\u00e3o.<\/p>\n<p style=\"text-align: justify;\">Lula disse que, na ocasi\u00e3o, cobrou um pedido de desculpas da PF.<\/p>\n<p style=\"text-align: justify;\">\u201cNo nosso governo, a PF foi na casa do meu irm\u00e3o. Eu fiquei sabendo 12 horas antes, porque eu estava na \u00cdndia e tinha fuso-hor\u00e1rio&#8221;.\u00a0 disse Lula.<\/p>\n<p style=\"text-align: justify;\">Na semana passada,\u00a0<a href=\"https:\/\/www.cnnbrasil.com.br\/politica\/apos-audio-de-milton-ribeiro-oposicao-vai-ao-supremo-contra-bolsonaro\/\">o presidente Jair Bolsonaro foi acusado de interferir na Pol\u00edcia Federal<\/a>.<\/p>\n<p style=\"text-align: justify;\">Foram divulgados \u00e1udios em que o ex-ministro da Educa\u00e7\u00e3o, Milton Ribeiro, diz a sua filha que foi alertado previamente por Jair Bolsonaro de que ele seria alvo da Pol\u00edcia Federal.<\/p>\n","protected":false},"excerpt":{"rendered":"<p>O ex-presidente Lula afirmou\u00a0 que foi informado com 12 horas de anteced\u00eancia sobre uma opera\u00e7\u00e3o da Pol\u00edcia Federal\u00a0deflagrada contra um de seus irm\u00e3os enquanto ocupava o Pal\u00e1cio do Planalto. Em entrevista \u00e0 R\u00e1dio Educadora, o petista n\u00e3o informou quem teria sido o respons\u00e1vel por vazar a informa\u00e7\u00e3o sobre a opera\u00e7\u00e3o. Lula disse que, na ocasi\u00e3o, [&hellip;]<\/p>\n","protected":false},"author":2,"featured_media":172153,"comment_status":"open","ping_status":"open","sticky":false,"template":"","format":"standard","meta":{"_monsterinsights_skip_tracking":false,"_monsterinsights_sitenote_active":false,"_monsterinsights_sitenote_note":"","_monsterinsights_sitenote_category":0},"categories":[6,30260,30259],"tags":[38126,480,283,3014],"aioseo_notices":[],"_links":{"self":[{"href":"https:\/\/mspontocom.com.br\/site\/wp-json\/wp\/v2\/posts\/172152"}],"collection":[{"href":"https:\/\/mspontocom.com.br\/site\/wp-json\/wp\/v2\/posts"}],"about":[{"href":"https:\/\/mspontocom.com.br\/site\/wp-json\/wp\/v2\/types\/post"}],"author":[{"embeddable":true,"href":"https:\/\/mspontocom.com.br\/site\/wp-json\/wp\/v2\/users\/2"}],"replies":[{"embeddable":true,"href":"https:\/\/mspontocom.com.br\/site\/wp-json\/wp\/v2\/comments?post=172152"}],"version-history":[{"count":1,"href":"https:\/\/mspontocom.com.br\/site\/wp-json\/wp\/v2\/posts\/172152\/revisions"}],"predecessor-version":[{"id":172154,"href":"https:\/\/mspontocom.com.br\/site\/wp-json\/wp\/v2\/posts\/172152\/revisions\/172154"}],"wp:featuredmedia":[{"embeddable":true,"href":"https:\/\/mspontocom.com.br\/site\/wp-json\/wp\/v2\/media\/172153"}],"wp:attachment":[{"href":"https:\/\/mspontocom.com.br\/site\/wp-json\/wp\/v2\/media?parent=172152"}],"wp:term":[{"taxonomy":"category","embeddable":true,"href":"https:\/\/mspontocom.com.br\/site\/wp-json\/wp\/v2\/categories?post=172152"},{"taxonomy":"post_tag","embeddable":true,"href":"https:\/\/mspontocom.com.br\/site\/wp-json\/wp\/v2\/tags?post=172152"}],"curies":[{"name":"wp","href":"https:\/\/api.w.org\/{rel}","templated":true}]}}