{"id":172181,"date":"2022-07-01T15:41:46","date_gmt":"2022-07-01T19:41:46","guid":{"rendered":"https:\/\/mspontocom.com.br\/site\/?p=172181"},"modified":"2022-07-01T15:38:30","modified_gmt":"2022-07-01T19:38:30","slug":"bolsonaro-critica-governadores-do-nordeste-na-guerra-do-icms","status":"publish","type":"post","link":"https:\/\/mspontocom.com.br\/site\/bolsonaro-critica-governadores-do-nordeste-na-guerra-do-icms\/","title":{"rendered":"Bolsonaro critica governadores do Nordeste na guerra do ICMS"},"content":{"rendered":"<p class=\"first-paragraph\" style=\"text-align: justify;\"><img loading=\"lazy\" class=\"alignnone size-medium wp-image-172187\" src=\"https:\/\/mspontocom.com.br\/site\/wp-content\/uploads\/2022\/07\/site-bolsonaro-critica-governadores-do-nordeste-na-guerra-do-icms-nordeste-e1656674415427-260x128.jpg\" alt=\"\" width=\"260\" height=\"128\" srcset=\"https:\/\/mspontocom.com.br\/site\/wp-content\/uploads\/2022\/07\/site-bolsonaro-critica-governadores-do-nordeste-na-guerra-do-icms-nordeste-e1656674415427-260x128.jpg 260w, https:\/\/mspontocom.com.br\/site\/wp-content\/uploads\/2022\/07\/site-bolsonaro-critica-governadores-do-nordeste-na-guerra-do-icms-nordeste-e1656674415427-768x379.jpg 768w, https:\/\/mspontocom.com.br\/site\/wp-content\/uploads\/2022\/07\/site-bolsonaro-critica-governadores-do-nordeste-na-guerra-do-icms-nordeste-e1656674415427.jpg 798w\" sizes=\"(max-width: 260px) 100vw, 260px\" \/><\/p>\n<p class=\"first-paragraph\" style=\"text-align: justify;\">O presidente <strong>Jair Bolsonaro<\/strong>\u00a0 criticou em sua live semanal, nesta quinta-feira (30), os governadores da\u00a0 regi\u00e3o Nordeste.<\/p>\n<p class=\"first-paragraph\" style=\"text-align: justify;\">\u201cEsses 9 governadores entraram na Justi\u00e7a para n\u00e3o diminuir o pre\u00e7o dos combust\u00edveis. Dos seguintes estados: Pernambuco, Maranh\u00e3o, Para\u00edba, Piau\u00ed, Bahia, Sergipe, Rio Grande do Norte, Alagoas e Cear\u00e1. Ou seja, os governadores do Nordeste est\u00e3o unidos contra voc\u00ea, contra o contribuinte, contra o trabalhador\u201d, criticou.<\/p>\n<p style=\"text-align: justify;\">Os governadores da regi\u00e3o acionaram o Supremo Tribunal Federal <strong>(STF)<\/strong> contra a lei que limitou a cobran\u00e7a do <strong>ICMS. <\/strong><\/p>\n<p style=\"text-align: justify;\">Al\u00e9m deles, os estados de Mato Grosso do Sul, Rio Grande do Sul e o Distrito Federal entraram na briga contra a proposta bancada pela Uni\u00e3o.<\/p>\n<p style=\"text-align: justify;\">Pela legisla\u00e7\u00e3o aprovada, os estados e o DF tem um teto de 17% na cobran\u00e7a do imposto para combust\u00edveis, comunica\u00e7\u00f5es, transportes e energia el\u00e9trica.<\/p>\n<p style=\"text-align: justify;\"><strong>\u201cEsse pessoal que disse que est\u00e1 ajudando o pobre, mentira. Quer mais que o pobre se exploda\u201d<\/strong>, disse. Bolsonaro.<\/p>\n","protected":false},"excerpt":{"rendered":"<p>O presidente Jair Bolsonaro\u00a0 criticou em sua live semanal, nesta quinta-feira (30), os governadores da\u00a0 regi\u00e3o Nordeste. \u201cEsses 9 governadores entraram na Justi\u00e7a para n\u00e3o diminuir o pre\u00e7o dos combust\u00edveis. Dos seguintes estados: Pernambuco, Maranh\u00e3o, Para\u00edba, Piau\u00ed, Bahia, Sergipe, Rio Grande do Norte, Alagoas e Cear\u00e1. Ou seja, os governadores do Nordeste est\u00e3o unidos contra [&hellip;]<\/p>\n","protected":false},"author":2,"featured_media":172187,"comment_status":"open","ping_status":"open","sticky":false,"template":"","format":"standard","meta":{"_monsterinsights_skip_tracking":false,"_monsterinsights_sitenote_active":false,"_monsterinsights_sitenote_note":"","_monsterinsights_sitenote_category":0},"categories":[6,30260,30259],"tags":[21017,4246,1026,1831,3182],"aioseo_notices":[],"_links":{"self":[{"href":"https:\/\/mspontocom.com.br\/site\/wp-json\/wp\/v2\/posts\/172181"}],"collection":[{"href":"https:\/\/mspontocom.com.br\/site\/wp-json\/wp\/v2\/posts"}],"about":[{"href":"https:\/\/mspontocom.com.br\/site\/wp-json\/wp\/v2\/types\/post"}],"author":[{"embeddable":true,"href":"https:\/\/mspontocom.com.br\/site\/wp-json\/wp\/v2\/users\/2"}],"replies":[{"embeddable":true,"href":"https:\/\/mspontocom.com.br\/site\/wp-json\/wp\/v2\/comments?post=172181"}],"version-history":[{"count":2,"href":"https:\/\/mspontocom.com.br\/site\/wp-json\/wp\/v2\/posts\/172181\/revisions"}],"predecessor-version":[{"id":172188,"href":"https:\/\/mspontocom.com.br\/site\/wp-json\/wp\/v2\/posts\/172181\/revisions\/172188"}],"wp:featuredmedia":[{"embeddable":true,"href":"https:\/\/mspontocom.com.br\/site\/wp-json\/wp\/v2\/media\/172187"}],"wp:attachment":[{"href":"https:\/\/mspontocom.com.br\/site\/wp-json\/wp\/v2\/media?parent=172181"}],"wp:term":[{"taxonomy":"category","embeddable":true,"href":"https:\/\/mspontocom.com.br\/site\/wp-json\/wp\/v2\/categories?post=172181"},{"taxonomy":"post_tag","embeddable":true,"href":"https:\/\/mspontocom.com.br\/site\/wp-json\/wp\/v2\/tags?post=172181"}],"curies":[{"name":"wp","href":"https:\/\/api.w.org\/{rel}","templated":true}]}}