{"id":172205,"date":"2022-07-02T06:07:54","date_gmt":"2022-07-02T10:07:54","guid":{"rendered":"https:\/\/mspontocom.com.br\/site\/?p=172205"},"modified":"2022-07-02T06:07:54","modified_gmt":"2022-07-02T10:07:54","slug":"valerio-confirma-relacoes-entre-governo-lula-pt-e-o-pcc","status":"publish","type":"post","link":"https:\/\/mspontocom.com.br\/site\/valerio-confirma-relacoes-entre-governo-lula-pt-e-o-pcc\/","title":{"rendered":"Val\u00e9rio confirma rela\u00e7\u00f5es entre governo Lula, PT e o PCC"},"content":{"rendered":"<p style=\"text-align: justify;\"><img loading=\"lazy\" class=\"alignnone size-medium wp-image-172206\" src=\"https:\/\/mspontocom.com.br\/site\/wp-content\/uploads\/2022\/07\/site-valerio-confirma-relacoes-entre-governo-lula-pt-e-o-pcc-marcos-e1656756375115-260x167.jpg\" alt=\"\" width=\"260\" height=\"167\" srcset=\"https:\/\/mspontocom.com.br\/site\/wp-content\/uploads\/2022\/07\/site-valerio-confirma-relacoes-entre-governo-lula-pt-e-o-pcc-marcos-e1656756375115-260x167.jpg 260w, https:\/\/mspontocom.com.br\/site\/wp-content\/uploads\/2022\/07\/site-valerio-confirma-relacoes-entre-governo-lula-pt-e-o-pcc-marcos-e1656756375115-1024x659.jpg 1024w, https:\/\/mspontocom.com.br\/site\/wp-content\/uploads\/2022\/07\/site-valerio-confirma-relacoes-entre-governo-lula-pt-e-o-pcc-marcos-e1656756375115-768x494.jpg 768w, https:\/\/mspontocom.com.br\/site\/wp-content\/uploads\/2022\/07\/site-valerio-confirma-relacoes-entre-governo-lula-pt-e-o-pcc-marcos-e1656756375115.jpg 1049w\" sizes=\"(max-width: 260px) 100vw, 260px\" \/><\/p>\n<p style=\"text-align: justify;\">Principal operador do esc\u00e2ndalo do mensal\u00e3o, o empres\u00e1rio <strong>Marcos Val\u00e9rio<\/strong> Fernandes de Souza detalhou em sua dela\u00e7\u00e3o premiada o esc\u00e2ndalo sobre as<strong> rela\u00e7\u00f5es entre petistas e os criminosos do PCC<\/strong> (Primeiro Comando da Capital), que lhe foram confirmadas pelo ent\u00e3o tesoureiro do PT Silvio Pereira.<\/p>\n<p style=\"text-align: justify;\">As informa\u00e7\u00f5es foram divulgadas pela<strong> revista veja.<\/strong><\/p>\n<p style=\"text-align: justify;\">Val\u00e9rio, que foi condenado a 37 anos de pris\u00e3o, maior pena imposta pelo STF no esquema envolvendo pagamentos a parlamentares em troca de apoio no Congresso ao governo Lula.<\/p>\n<p style=\"text-align: justify;\">Val\u00e9rio tamb\u00e9m fala sobre a exist\u00eancia de um dossi\u00ea com detalhes sobre quem entre os petistas era financiado ilegalmente pelo dinheiro do<strong> PCC<\/strong> e das empresas de \u00f4nibus controladas por Ronan.<\/p>\n<p style=\"text-align: justify;\">O dossi\u00ea, diz Val\u00e9rio, foi produzido pelo ent\u00e3o prefeito de Santo Andr\u00e9,<strong> Celso Daniel<\/strong>, misteriosamente assassinado em janeiro de 2002.<\/p>\n<p style=\"text-align: justify;\">Segundo o depoimento, Celso Daniel n\u00e3o sabia, infelizmente, que o dinheiro ilegal n\u00e3o ia apenas para a c\u00fapula do partido e o dossi\u00ea sumiu. \u201cNingu\u00e9m achou esse dossi\u00ea mais\u201d, disse.<\/p>\n","protected":false},"excerpt":{"rendered":"<p>Principal operador do esc\u00e2ndalo do mensal\u00e3o, o empres\u00e1rio Marcos Val\u00e9rio Fernandes de Souza detalhou em sua dela\u00e7\u00e3o premiada o esc\u00e2ndalo sobre as rela\u00e7\u00f5es entre petistas e os criminosos do PCC (Primeiro Comando da Capital), que lhe foram confirmadas pelo ent\u00e3o tesoureiro do PT Silvio Pereira. As informa\u00e7\u00f5es foram divulgadas pela revista veja. Val\u00e9rio, que foi [&hellip;]<\/p>\n","protected":false},"author":2,"featured_media":172206,"comment_status":"open","ping_status":"open","sticky":false,"template":"","format":"standard","meta":{"_monsterinsights_skip_tracking":false,"_monsterinsights_sitenote_active":false,"_monsterinsights_sitenote_note":"","_monsterinsights_sitenote_category":0},"categories":[6,30260,30259],"tags":[480,1322,4275,533],"aioseo_notices":[],"_links":{"self":[{"href":"https:\/\/mspontocom.com.br\/site\/wp-json\/wp\/v2\/posts\/172205"}],"collection":[{"href":"https:\/\/mspontocom.com.br\/site\/wp-json\/wp\/v2\/posts"}],"about":[{"href":"https:\/\/mspontocom.com.br\/site\/wp-json\/wp\/v2\/types\/post"}],"author":[{"embeddable":true,"href":"https:\/\/mspontocom.com.br\/site\/wp-json\/wp\/v2\/users\/2"}],"replies":[{"embeddable":true,"href":"https:\/\/mspontocom.com.br\/site\/wp-json\/wp\/v2\/comments?post=172205"}],"version-history":[{"count":1,"href":"https:\/\/mspontocom.com.br\/site\/wp-json\/wp\/v2\/posts\/172205\/revisions"}],"predecessor-version":[{"id":172207,"href":"https:\/\/mspontocom.com.br\/site\/wp-json\/wp\/v2\/posts\/172205\/revisions\/172207"}],"wp:featuredmedia":[{"embeddable":true,"href":"https:\/\/mspontocom.com.br\/site\/wp-json\/wp\/v2\/media\/172206"}],"wp:attachment":[{"href":"https:\/\/mspontocom.com.br\/site\/wp-json\/wp\/v2\/media?parent=172205"}],"wp:term":[{"taxonomy":"category","embeddable":true,"href":"https:\/\/mspontocom.com.br\/site\/wp-json\/wp\/v2\/categories?post=172205"},{"taxonomy":"post_tag","embeddable":true,"href":"https:\/\/mspontocom.com.br\/site\/wp-json\/wp\/v2\/tags?post=172205"}],"curies":[{"name":"wp","href":"https:\/\/api.w.org\/{rel}","templated":true}]}}