{"id":172208,"date":"2022-07-02T06:39:33","date_gmt":"2022-07-02T10:39:33","guid":{"rendered":"https:\/\/mspontocom.com.br\/site\/?p=172208"},"modified":"2022-07-02T06:39:33","modified_gmt":"2022-07-02T10:39:33","slug":"mp-entra-com-recurso-e-pede-bloqueio-de-bens-de-alckmin","status":"publish","type":"post","link":"https:\/\/mspontocom.com.br\/site\/mp-entra-com-recurso-e-pede-bloqueio-de-bens-de-alckmin\/","title":{"rendered":"MP entra com recurso e pede bloqueio de bens de Alckmin"},"content":{"rendered":"<p style=\"text-align: justify;\"><img loading=\"lazy\" class=\"alignnone size-medium wp-image-172209\" src=\"https:\/\/mspontocom.com.br\/site\/wp-content\/uploads\/2022\/07\/site-mp-entra-com-recurso-e-pede-bloqueio-de-bens-de-alckmin-alck-e1656758270810-260x134.jpg\" alt=\"\" width=\"260\" height=\"134\" srcset=\"https:\/\/mspontocom.com.br\/site\/wp-content\/uploads\/2022\/07\/site-mp-entra-com-recurso-e-pede-bloqueio-de-bens-de-alckmin-alck-e1656758270810-260x134.jpg 260w, https:\/\/mspontocom.com.br\/site\/wp-content\/uploads\/2022\/07\/site-mp-entra-com-recurso-e-pede-bloqueio-de-bens-de-alckmin-alck-e1656758270810.jpg 689w\" sizes=\"(max-width: 260px) 100vw, 260px\" \/><\/p>\n<p style=\"text-align: justify;\">O Minist\u00e9rio P\u00fablico de S\u00e3o Paulo entrou com recurso contra o desbloqueio de R$9,9 milh\u00f5es do vice na chapa de Lula, <strong>Geraldo Alckmin,<\/strong> que \u00e9 r\u00e9u em a\u00e7\u00e3o que investiga pr\u00e1tica de <strong>caixa 2<\/strong> nas elei\u00e7\u00f5es de 2014 com valores recebidos da<strong> Odebrecht.<\/strong><\/p>\n<p style=\"text-align: justify;\">Alckmin teve os bens bloqueados em abril de 2019 pelo juiz Alberto Alonso Mu\u00f1oz e desbloqueados semana passada, logo depois da confirma\u00e7\u00e3o da pr\u00e9-candidatura na chapa de <strong>Lula<\/strong>, pela ju\u00edza Luzia Barros Rozas Verotti, da 13\u00aa Vara da Fazenda P\u00fablica de SP.<\/p>\n<p style=\"text-align: justify;\">\n<div id=\"ddp-ads-AD-51\" style=\"text-align: justify;\" data-google-query-id=\"CJCw8KCA2vgCFbs4uQYdaWsGTA\">\n<div id=\"google_ads_iframe_\/21727414016\/AD-51_0__container__\">Para o promotor Ricardo Manuel Castro, o bloqueio ainda \u00e9 \u201crazo\u00e1vel e proporcional\u201d e a nova Lei de Improbidade n\u00e3o deve ser aplicada em a\u00e7\u00f5es j\u00e1 aceitas pela Justi\u00e7a.<\/div>\n<\/div>\n<p style=\"text-align: justify;\">\u201cA indisponibilidade dos bens do agente \u00edmprobo certamente se mostra razo\u00e1vel e proporcional para com aquele que dilapida ou dilapidou o patrim\u00f4nio p\u00fablico apossando-se fraudulentamente daquilo que n\u00e3o lhe pertencia\u201d, disse.<\/p>\n","protected":false},"excerpt":{"rendered":"<p>O Minist\u00e9rio P\u00fablico de S\u00e3o Paulo entrou com recurso contra o desbloqueio de R$9,9 milh\u00f5es do vice na chapa de Lula, Geraldo Alckmin, que \u00e9 r\u00e9u em a\u00e7\u00e3o que investiga pr\u00e1tica de caixa 2 nas elei\u00e7\u00f5es de 2014 com valores recebidos da Odebrecht. Alckmin teve os bens bloqueados em abril de 2019 pelo juiz Alberto [&hellip;]<\/p>\n","protected":false},"author":2,"featured_media":172209,"comment_status":"open","ping_status":"open","sticky":false,"template":"","format":"standard","meta":{"_monsterinsights_skip_tracking":false,"_monsterinsights_sitenote_active":false,"_monsterinsights_sitenote_note":"","_monsterinsights_sitenote_category":0},"categories":[6,30260,30259],"tags":[24191,24361,480,3523,25870],"aioseo_notices":[],"_links":{"self":[{"href":"https:\/\/mspontocom.com.br\/site\/wp-json\/wp\/v2\/posts\/172208"}],"collection":[{"href":"https:\/\/mspontocom.com.br\/site\/wp-json\/wp\/v2\/posts"}],"about":[{"href":"https:\/\/mspontocom.com.br\/site\/wp-json\/wp\/v2\/types\/post"}],"author":[{"embeddable":true,"href":"https:\/\/mspontocom.com.br\/site\/wp-json\/wp\/v2\/users\/2"}],"replies":[{"embeddable":true,"href":"https:\/\/mspontocom.com.br\/site\/wp-json\/wp\/v2\/comments?post=172208"}],"version-history":[{"count":1,"href":"https:\/\/mspontocom.com.br\/site\/wp-json\/wp\/v2\/posts\/172208\/revisions"}],"predecessor-version":[{"id":172210,"href":"https:\/\/mspontocom.com.br\/site\/wp-json\/wp\/v2\/posts\/172208\/revisions\/172210"}],"wp:featuredmedia":[{"embeddable":true,"href":"https:\/\/mspontocom.com.br\/site\/wp-json\/wp\/v2\/media\/172209"}],"wp:attachment":[{"href":"https:\/\/mspontocom.com.br\/site\/wp-json\/wp\/v2\/media?parent=172208"}],"wp:term":[{"taxonomy":"category","embeddable":true,"href":"https:\/\/mspontocom.com.br\/site\/wp-json\/wp\/v2\/categories?post=172208"},{"taxonomy":"post_tag","embeddable":true,"href":"https:\/\/mspontocom.com.br\/site\/wp-json\/wp\/v2\/tags?post=172208"}],"curies":[{"name":"wp","href":"https:\/\/api.w.org\/{rel}","templated":true}]}}