{"id":172214,"date":"2022-07-02T07:08:51","date_gmt":"2022-07-02T11:08:51","guid":{"rendered":"https:\/\/mspontocom.com.br\/site\/?p=172214"},"modified":"2022-07-02T07:08:51","modified_gmt":"2022-07-02T11:08:51","slug":"pec-propoe-limite-a-poderes-de-ministros-do-stf-e-mandato-de-9-anos","status":"publish","type":"post","link":"https:\/\/mspontocom.com.br\/site\/pec-propoe-limite-a-poderes-de-ministros-do-stf-e-mandato-de-9-anos\/","title":{"rendered":"PEC prop\u00f5e limite a poderes de ministros do STF e mandato de 9 anos"},"content":{"rendered":"<p style=\"text-align: justify;\"><img loading=\"lazy\" class=\"alignnone size-medium wp-image-172215\" src=\"https:\/\/mspontocom.com.br\/site\/wp-content\/uploads\/2022\/07\/site-pec-propoe-limite-a-poderes-de-ministros-do-stf-e-mandato-de-9-anos-stf-2-e8b5f394-260x169.png\" alt=\"\" width=\"260\" height=\"169\" srcset=\"https:\/\/mspontocom.com.br\/site\/wp-content\/uploads\/2022\/07\/site-pec-propoe-limite-a-poderes-de-ministros-do-stf-e-mandato-de-9-anos-stf-2-e8b5f394-260x169.png 260w, https:\/\/mspontocom.com.br\/site\/wp-content\/uploads\/2022\/07\/site-pec-propoe-limite-a-poderes-de-ministros-do-stf-e-mandato-de-9-anos-stf-2-e8b5f394-768x498.png 768w, https:\/\/mspontocom.com.br\/site\/wp-content\/uploads\/2022\/07\/site-pec-propoe-limite-a-poderes-de-ministros-do-stf-e-mandato-de-9-anos-stf-2-e8b5f394.png 800w\" sizes=\"(max-width: 260px) 100vw, 260px\" \/><\/p>\n<p style=\"text-align: justify;\">O deputado federal Paulo Eduardo Martins (PL-PR) apresentou proposta de emenda constitucional (PEC) para limitar poderes do <strong>STF<\/strong> e mudar alguns par\u00e2metros de funcionamento da Corte.<\/p>\n<p style=\"text-align: justify;\">A PEC proposta por Paulo Eduardo Martins\u00a0 estabelece<strong> mandato de nove anos para os ministros.<\/strong><\/p>\n<p style=\"text-align: justify;\">A proposta tamb\u00e9m se concentra em limites a decis\u00f5es colegiadas do plen\u00e1rio.<\/p>\n<p style=\"text-align: justify;\">A inten\u00e7\u00e3o \u00e9 que uma lei ou ato normativo s\u00f3 vai poder ser declarado inconstitucional por dois ter\u00e7os dos membros do tribunal.<\/p>\n<p style=\"text-align: justify;\">Hoje, a inconstitucionalidade \u00e9 v\u00e1lida pela maioria absoluta do STF, em algumas ocasi\u00f5es por diferen\u00e7a de apenas um voto.<\/p>\n<p style=\"text-align: justify;\"><strong>A PEC tamb\u00e9m pro\u00edbe decis\u00f5es monocr\u00e1ticas em mat\u00e9rias constitucionais. <\/strong><\/p>\n<p style=\"text-align: justify;\">\u201cAtualmente, os membros do Supremo Tribunal Federal t\u00eam concedido medidas liminares, monocraticamente, suspendendo a efic\u00e1cia de leis ou atos normativos sob o pretexto de supostas inconstitucionalidades\u201d, argumenta o deputado na justificativa do projeto.<\/p>\n<p style=\"text-align: justify;\">Para que seja oficialmente protocolada e possa tramitar no Congresso, s\u00e3o necess\u00e1rias 171 ades\u00f5es de deputados federais.<\/p>\n","protected":false},"excerpt":{"rendered":"<p>O deputado federal Paulo Eduardo Martins (PL-PR) apresentou proposta de emenda constitucional (PEC) para limitar poderes do STF e mudar alguns par\u00e2metros de funcionamento da Corte. A PEC proposta por Paulo Eduardo Martins\u00a0 estabelece mandato de nove anos para os ministros. A proposta tamb\u00e9m se concentra em limites a decis\u00f5es colegiadas do plen\u00e1rio. A inten\u00e7\u00e3o [&hellip;]<\/p>\n","protected":false},"author":2,"featured_media":172215,"comment_status":"open","ping_status":"open","sticky":false,"template":"","format":"standard","meta":{"_monsterinsights_skip_tracking":false,"_monsterinsights_sitenote_active":false,"_monsterinsights_sitenote_note":"","_monsterinsights_sitenote_category":0},"categories":[2528],"tags":[38139,24370,587,6465,3014],"aioseo_notices":[],"_links":{"self":[{"href":"https:\/\/mspontocom.com.br\/site\/wp-json\/wp\/v2\/posts\/172214"}],"collection":[{"href":"https:\/\/mspontocom.com.br\/site\/wp-json\/wp\/v2\/posts"}],"about":[{"href":"https:\/\/mspontocom.com.br\/site\/wp-json\/wp\/v2\/types\/post"}],"author":[{"embeddable":true,"href":"https:\/\/mspontocom.com.br\/site\/wp-json\/wp\/v2\/users\/2"}],"replies":[{"embeddable":true,"href":"https:\/\/mspontocom.com.br\/site\/wp-json\/wp\/v2\/comments?post=172214"}],"version-history":[{"count":1,"href":"https:\/\/mspontocom.com.br\/site\/wp-json\/wp\/v2\/posts\/172214\/revisions"}],"predecessor-version":[{"id":172216,"href":"https:\/\/mspontocom.com.br\/site\/wp-json\/wp\/v2\/posts\/172214\/revisions\/172216"}],"wp:featuredmedia":[{"embeddable":true,"href":"https:\/\/mspontocom.com.br\/site\/wp-json\/wp\/v2\/media\/172215"}],"wp:attachment":[{"href":"https:\/\/mspontocom.com.br\/site\/wp-json\/wp\/v2\/media?parent=172214"}],"wp:term":[{"taxonomy":"category","embeddable":true,"href":"https:\/\/mspontocom.com.br\/site\/wp-json\/wp\/v2\/categories?post=172214"},{"taxonomy":"post_tag","embeddable":true,"href":"https:\/\/mspontocom.com.br\/site\/wp-json\/wp\/v2\/tags?post=172214"}],"curies":[{"name":"wp","href":"https:\/\/api.w.org\/{rel}","templated":true}]}}