{"id":172227,"date":"2022-07-03T07:10:56","date_gmt":"2022-07-03T11:10:56","guid":{"rendered":"https:\/\/mspontocom.com.br\/site\/?p=172227"},"modified":"2022-07-03T07:10:56","modified_gmt":"2022-07-03T11:10:56","slug":"mdb-vai-pedir-cpi-sobre-ligacao-entre-pt-e-pcc","status":"publish","type":"post","link":"https:\/\/mspontocom.com.br\/site\/mdb-vai-pedir-cpi-sobre-ligacao-entre-pt-e-pcc\/","title":{"rendered":"MDB vai pedir CPI sobre liga\u00e7\u00e3o entre PT e PCC"},"content":{"rendered":"<p style=\"text-align: justify;\"><img loading=\"lazy\" class=\"alignnone size-medium wp-image-172235\" src=\"https:\/\/mspontocom.com.br\/site\/wp-content\/uploads\/2022\/07\/site-deputado-do-mdb-vai-pedir-cpi-sobre-ligacao-entre-pt-e-pcc-lula-01-e1656846552661-260x156.jpg\" alt=\"\" width=\"260\" height=\"156\" srcset=\"https:\/\/mspontocom.com.br\/site\/wp-content\/uploads\/2022\/07\/site-deputado-do-mdb-vai-pedir-cpi-sobre-ligacao-entre-pt-e-pcc-lula-01-e1656846552661-260x156.jpg 260w, https:\/\/mspontocom.com.br\/site\/wp-content\/uploads\/2022\/07\/site-deputado-do-mdb-vai-pedir-cpi-sobre-ligacao-entre-pt-e-pcc-lula-01-e1656846552661-768x461.jpg 768w, https:\/\/mspontocom.com.br\/site\/wp-content\/uploads\/2022\/07\/site-deputado-do-mdb-vai-pedir-cpi-sobre-ligacao-entre-pt-e-pcc-lula-01-e1656846552661.jpg 905w\" sizes=\"(max-width: 260px) 100vw, 260px\" \/><\/p>\n<p style=\"text-align: justify;\">O deputado federal Carlos Sampaio do <strong>MDB-SP<\/strong> afirmou que vai solicitar a abertura de uma <strong>CPI<\/strong> para tratar da liga\u00e7\u00e3o entre o<strong> PT<\/strong> e o Primeiro Comando da Capital (PCC).<\/p>\n<p style=\"text-align: justify;\">O pedido \u00e9 baseado na\u00a0<a href=\"https:\/\/revistaoeste.com\/politica\/marcos-valerio-delata-relacao-do-pt-com-o-pcc\/\"><strong>dela\u00e7\u00e3o do publicit\u00e1rio Marcos Val\u00e9rio<\/strong><\/a>.<\/p>\n<p style=\"text-align: justify;\">O operador do esquema de corrup\u00e7\u00e3o conhecido como \u2018mensal\u00e3o\u2019, durante o primeiro governo Lula, disse \u00e0 Pol\u00edcia Federal (PF) que o PT e a<strong> maior fac\u00e7\u00e3o criminosa<\/strong> das Am\u00e9ricas mantinham rela\u00e7\u00f5es estreitas.<\/p>\n<p style=\"text-align: justify;\">\u201cDiante da gravidade das den\u00fancias apresentadas pelo operador do \u2018Mensal\u00e3o\u2019, Marcos Val\u00e9rio, e de muitos outros ind\u00edcios, informo que segunda-feira vou pedir a abertura de uma CPI para investigar a rela\u00e7\u00e3o criminosa entre o <strong>PT e o PCC<\/strong>. O Brasil precisa de respostas\u201d, afirmou Carlos Sampaio.<\/p>\n<h2 style=\"text-align: justify;\">Sobre a dela\u00e7\u00e3o<\/h2>\n<p style=\"text-align: justify;\">Em dela\u00e7\u00e3o premiada \u00e0 PF, Marcos Val\u00e9rio revelou que Ronan Maria Pinto, empres\u00e1rio do ramo dos transportes, chantageava o ent\u00e3o presidente, Luiz In\u00e1cio Lula da Silva, para n\u00e3o revelar o segredo que comprometeria o partido: a exist\u00eancia de um esquema de arrecada\u00e7\u00e3o ilegal de recursos para financiar os petistas.<\/p>\n<p style=\"text-align: justify;\">O publicit\u00e1rio disse que soube da suposta chantagem contra Lula depois de conversar com S\u00edlvio Pereira, ent\u00e3o secret\u00e1rio-geral do PT.<\/p>\n","protected":false},"excerpt":{"rendered":"<p>O deputado federal Carlos Sampaio do MDB-SP afirmou que vai solicitar a abertura de uma CPI para tratar da liga\u00e7\u00e3o entre o PT e o Primeiro Comando da Capital (PCC). O pedido \u00e9 baseado na\u00a0dela\u00e7\u00e3o do publicit\u00e1rio Marcos Val\u00e9rio. O operador do esquema de corrup\u00e7\u00e3o conhecido como \u2018mensal\u00e3o\u2019, durante o primeiro governo Lula, disse \u00e0 [&hellip;]<\/p>\n","protected":false},"author":2,"featured_media":172235,"comment_status":"open","ping_status":"open","sticky":false,"template":"","format":"standard","meta":{"_monsterinsights_skip_tracking":false,"_monsterinsights_sitenote_active":false,"_monsterinsights_sitenote_note":"","_monsterinsights_sitenote_category":0},"categories":[6,30260,30259],"tags":[23433,4381,32563,4275,533],"aioseo_notices":[],"_links":{"self":[{"href":"https:\/\/mspontocom.com.br\/site\/wp-json\/wp\/v2\/posts\/172227"}],"collection":[{"href":"https:\/\/mspontocom.com.br\/site\/wp-json\/wp\/v2\/posts"}],"about":[{"href":"https:\/\/mspontocom.com.br\/site\/wp-json\/wp\/v2\/types\/post"}],"author":[{"embeddable":true,"href":"https:\/\/mspontocom.com.br\/site\/wp-json\/wp\/v2\/users\/2"}],"replies":[{"embeddable":true,"href":"https:\/\/mspontocom.com.br\/site\/wp-json\/wp\/v2\/comments?post=172227"}],"version-history":[{"count":2,"href":"https:\/\/mspontocom.com.br\/site\/wp-json\/wp\/v2\/posts\/172227\/revisions"}],"predecessor-version":[{"id":172236,"href":"https:\/\/mspontocom.com.br\/site\/wp-json\/wp\/v2\/posts\/172227\/revisions\/172236"}],"wp:featuredmedia":[{"embeddable":true,"href":"https:\/\/mspontocom.com.br\/site\/wp-json\/wp\/v2\/media\/172235"}],"wp:attachment":[{"href":"https:\/\/mspontocom.com.br\/site\/wp-json\/wp\/v2\/media?parent=172227"}],"wp:term":[{"taxonomy":"category","embeddable":true,"href":"https:\/\/mspontocom.com.br\/site\/wp-json\/wp\/v2\/categories?post=172227"},{"taxonomy":"post_tag","embeddable":true,"href":"https:\/\/mspontocom.com.br\/site\/wp-json\/wp\/v2\/tags?post=172227"}],"curies":[{"name":"wp","href":"https:\/\/api.w.org\/{rel}","templated":true}]}}