{"id":172242,"date":"2022-07-04T06:11:41","date_gmt":"2022-07-04T10:11:41","guid":{"rendered":"https:\/\/mspontocom.com.br\/site\/?p=172242"},"modified":"2022-07-04T06:11:41","modified_gmt":"2022-07-04T10:11:41","slug":"bolsonaro-lidera-corrida-presidencial-em-sao-paulo-diz-parana-pesquisas","status":"publish","type":"post","link":"https:\/\/mspontocom.com.br\/site\/bolsonaro-lidera-corrida-presidencial-em-sao-paulo-diz-parana-pesquisas\/","title":{"rendered":"Bolsonaro lidera corrida presidencial em S\u00e3o Paulo, diz Paran\u00e1 Pesquisas"},"content":{"rendered":"<p style=\"text-align: justify;\"><img loading=\"lazy\" class=\"alignnone size-medium wp-image-172252\" src=\"https:\/\/mspontocom.com.br\/site\/wp-content\/uploads\/2022\/07\/site-bolsonaro-lidera-corrida-presidencial-em-sao-paulo-diz-parana-pesquisas-bolsolula1-e1656929359331-260x141.jpg\" alt=\"\" width=\"260\" height=\"141\" srcset=\"https:\/\/mspontocom.com.br\/site\/wp-content\/uploads\/2022\/07\/site-bolsonaro-lidera-corrida-presidencial-em-sao-paulo-diz-parana-pesquisas-bolsolula1-e1656929359331-260x141.jpg 260w, https:\/\/mspontocom.com.br\/site\/wp-content\/uploads\/2022\/07\/site-bolsonaro-lidera-corrida-presidencial-em-sao-paulo-diz-parana-pesquisas-bolsolula1-e1656929359331-768x416.jpg 768w, https:\/\/mspontocom.com.br\/site\/wp-content\/uploads\/2022\/07\/site-bolsonaro-lidera-corrida-presidencial-em-sao-paulo-diz-parana-pesquisas-bolsolula1-e1656929359331.jpg 795w\" sizes=\"(max-width: 260px) 100vw, 260px\" \/><\/p>\n<p style=\"text-align: justify;\">O presidente <strong>Jair Bolsonaro<\/strong> lidera a corrida pela Presid\u00eancia da Rep\u00fablica em S\u00e3o Paulo, com 39,7% das inten\u00e7\u00f5es de voto, ante 36,4% do ex-presidente <b>Lula<\/b>.<\/p>\n<p style=\"text-align: justify;\">\u00c9 o que indica levantamento divulgado\u00a0 pelo <a href=\"https:\/\/jovempan.com.br\/tag\/parana-pesquisas\" target=\"_blank\" rel=\"noopener noreferrer\"><strong>Instituto Paran\u00e1 Pesquisas<\/strong><\/a>.<\/p>\n<p style=\"text-align: justify;\">O ex-ministro <strong>Ciro Gomes<\/strong>, do PDT, aparece numericamente na terceira coloca\u00e7\u00e3o, com 7,7% das inten\u00e7\u00f5es de voto.<\/p>\n<p style=\"text-align: justify;\">A senadora <strong>Simone Tebet<\/strong> tem 1,7%.<\/p>\n<p style=\"text-align: justify;\">O Instituto Paran\u00e1 Pesquisas ouviu 1.820 eleitores em S\u00e3o Paulo, entre os dias 27 e 30 de junho, em 77 munic\u00edpios do Estado.<\/p>\n<p style=\"text-align: justify;\">A pesquisa est\u00e1 registrada no Tribunal Superior Eleitoral (TSE) com o protocolo BR-03362\/2022.<\/p>\n","protected":false},"excerpt":{"rendered":"<p>O presidente Jair Bolsonaro lidera a corrida pela Presid\u00eancia da Rep\u00fablica em S\u00e3o Paulo, com 39,7% das inten\u00e7\u00f5es de voto, ante 36,4% do ex-presidente Lula. \u00c9 o que indica levantamento divulgado\u00a0 pelo Instituto Paran\u00e1 Pesquisas. O ex-ministro Ciro Gomes, do PDT, aparece numericamente na terceira coloca\u00e7\u00e3o, com 7,7% das inten\u00e7\u00f5es de voto. A senadora Simone [&hellip;]<\/p>\n","protected":false},"author":2,"featured_media":172252,"comment_status":"open","ping_status":"open","sticky":false,"template":"","format":"standard","meta":{"_monsterinsights_skip_tracking":false,"_monsterinsights_sitenote_active":false,"_monsterinsights_sitenote_note":"","_monsterinsights_sitenote_category":0},"categories":[30260,30259,12],"tags":[21017,27434,480,733,201],"aioseo_notices":[],"_links":{"self":[{"href":"https:\/\/mspontocom.com.br\/site\/wp-json\/wp\/v2\/posts\/172242"}],"collection":[{"href":"https:\/\/mspontocom.com.br\/site\/wp-json\/wp\/v2\/posts"}],"about":[{"href":"https:\/\/mspontocom.com.br\/site\/wp-json\/wp\/v2\/types\/post"}],"author":[{"embeddable":true,"href":"https:\/\/mspontocom.com.br\/site\/wp-json\/wp\/v2\/users\/2"}],"replies":[{"embeddable":true,"href":"https:\/\/mspontocom.com.br\/site\/wp-json\/wp\/v2\/comments?post=172242"}],"version-history":[{"count":2,"href":"https:\/\/mspontocom.com.br\/site\/wp-json\/wp\/v2\/posts\/172242\/revisions"}],"predecessor-version":[{"id":172253,"href":"https:\/\/mspontocom.com.br\/site\/wp-json\/wp\/v2\/posts\/172242\/revisions\/172253"}],"wp:featuredmedia":[{"embeddable":true,"href":"https:\/\/mspontocom.com.br\/site\/wp-json\/wp\/v2\/media\/172252"}],"wp:attachment":[{"href":"https:\/\/mspontocom.com.br\/site\/wp-json\/wp\/v2\/media?parent=172242"}],"wp:term":[{"taxonomy":"category","embeddable":true,"href":"https:\/\/mspontocom.com.br\/site\/wp-json\/wp\/v2\/categories?post=172242"},{"taxonomy":"post_tag","embeddable":true,"href":"https:\/\/mspontocom.com.br\/site\/wp-json\/wp\/v2\/tags?post=172242"}],"curies":[{"name":"wp","href":"https:\/\/api.w.org\/{rel}","templated":true}]}}