{"id":172246,"date":"2022-07-04T15:28:56","date_gmt":"2022-07-04T19:28:56","guid":{"rendered":"https:\/\/mspontocom.com.br\/site\/?p=172246"},"modified":"2022-07-04T15:07:46","modified_gmt":"2022-07-04T19:07:46","slug":"deputado-quer-que-mp-investigue-imagem-duplicada-de-lula-em-salvador","status":"publish","type":"post","link":"https:\/\/mspontocom.com.br\/site\/deputado-quer-que-mp-investigue-imagem-duplicada-de-lula-em-salvador\/","title":{"rendered":"Deputado quer que MP investigue imagem duplicada de Lula em Salvador"},"content":{"rendered":"<p style=\"text-align: justify;\"><img loading=\"lazy\" class=\"alignnone size-medium wp-image-172233\" src=\"https:\/\/mspontocom.com.br\/site\/wp-content\/uploads\/2022\/07\/site-lula-publica-foto-fake-e-vira-piada-na-internet-lula-fake-e1656929780919-260x125.png\" alt=\"\" width=\"260\" height=\"125\" srcset=\"https:\/\/mspontocom.com.br\/site\/wp-content\/uploads\/2022\/07\/site-lula-publica-foto-fake-e-vira-piada-na-internet-lula-fake-e1656929780919-260x125.png 260w, https:\/\/mspontocom.com.br\/site\/wp-content\/uploads\/2022\/07\/site-lula-publica-foto-fake-e-vira-piada-na-internet-lula-fake-e1656929780919.png 718w\" sizes=\"(max-width: 260px) 100vw, 260px\" \/><\/p>\n<p style=\"text-align: justify;\">O deputado\u00a0 <strong>Paulo Martins<\/strong>\u00a0(PL-PR) apresentou uma representa\u00e7\u00e3o \u00e0\u00a0<strong>Procuradoria-Geral Eleitoral<\/strong>\u00a0para que apure se a campanha de\u00a0<strong>Lula<\/strong>\u00a0manipulou as imagens da caminhada do petista em\u00a0Salvador, no s\u00e1bado.<\/p>\n<p style=\"text-align: justify;\">A suspeita \u00e9 a de que duplicaram pessos nas fotos que foram para as redes sociais.<\/p>\n<p style=\"text-align: justify;\">Martins alega que, se for verdade, houve\u00a0<strong>crime eleitoral<\/strong>\u00a0em raz\u00e3o da divulga\u00e7\u00e3o de informa\u00e7\u00f5es falsas.<\/p>\n<p style=\"text-align: justify;\">O ministro <strong>Alexandre de Moraes<\/strong> tem uma boa oportunidade de aplicar a <strong>&#8220;lei&#8221; dos fake news.<\/strong><\/p>\n","protected":false},"excerpt":{"rendered":"<p>O deputado\u00a0 Paulo Martins\u00a0(PL-PR) apresentou uma representa\u00e7\u00e3o \u00e0\u00a0Procuradoria-Geral Eleitoral\u00a0para que apure se a campanha de\u00a0Lula\u00a0manipulou as imagens da caminhada do petista em\u00a0Salvador, no s\u00e1bado. A suspeita \u00e9 a de que duplicaram pessos nas fotos que foram para as redes sociais. Martins alega que, se for verdade, houve\u00a0crime eleitoral\u00a0em raz\u00e3o da divulga\u00e7\u00e3o de informa\u00e7\u00f5es falsas. O [&hellip;]<\/p>\n","protected":false},"author":2,"featured_media":172233,"comment_status":"open","ping_status":"open","sticky":false,"template":"","format":"standard","meta":{"_monsterinsights_skip_tracking":false,"_monsterinsights_sitenote_active":false,"_monsterinsights_sitenote_note":"","_monsterinsights_sitenote_category":0},"categories":[6,30260,30259],"tags":[32944,30654,38143,480,3523,3355],"aioseo_notices":[],"_links":{"self":[{"href":"https:\/\/mspontocom.com.br\/site\/wp-json\/wp\/v2\/posts\/172246"}],"collection":[{"href":"https:\/\/mspontocom.com.br\/site\/wp-json\/wp\/v2\/posts"}],"about":[{"href":"https:\/\/mspontocom.com.br\/site\/wp-json\/wp\/v2\/types\/post"}],"author":[{"embeddable":true,"href":"https:\/\/mspontocom.com.br\/site\/wp-json\/wp\/v2\/users\/2"}],"replies":[{"embeddable":true,"href":"https:\/\/mspontocom.com.br\/site\/wp-json\/wp\/v2\/comments?post=172246"}],"version-history":[{"count":2,"href":"https:\/\/mspontocom.com.br\/site\/wp-json\/wp\/v2\/posts\/172246\/revisions"}],"predecessor-version":[{"id":172254,"href":"https:\/\/mspontocom.com.br\/site\/wp-json\/wp\/v2\/posts\/172246\/revisions\/172254"}],"wp:featuredmedia":[{"embeddable":true,"href":"https:\/\/mspontocom.com.br\/site\/wp-json\/wp\/v2\/media\/172233"}],"wp:attachment":[{"href":"https:\/\/mspontocom.com.br\/site\/wp-json\/wp\/v2\/media?parent=172246"}],"wp:term":[{"taxonomy":"category","embeddable":true,"href":"https:\/\/mspontocom.com.br\/site\/wp-json\/wp\/v2\/categories?post=172246"},{"taxonomy":"post_tag","embeddable":true,"href":"https:\/\/mspontocom.com.br\/site\/wp-json\/wp\/v2\/tags?post=172246"}],"curies":[{"name":"wp","href":"https:\/\/api.w.org\/{rel}","templated":true}]}}