{"id":172250,"date":"2022-07-04T15:35:05","date_gmt":"2022-07-04T19:35:05","guid":{"rendered":"https:\/\/mspontocom.com.br\/site\/?p=172250"},"modified":"2022-07-04T15:02:04","modified_gmt":"2022-07-04T19:02:04","slug":"stf-rasga-a-constituicao-e-ainda-ignora-perdao-a-silveira-73-dias-depois","status":"publish","type":"post","link":"https:\/\/mspontocom.com.br\/site\/stf-rasga-a-constituicao-e-ainda-ignora-perdao-a-silveira-73-dias-depois\/","title":{"rendered":"STF rasga a constitui\u00e7\u00e3o e ainda ignora perd\u00e3o a Silveira, 73 dias depois"},"content":{"rendered":"<p style=\"text-align: justify;\"><img loading=\"lazy\" class=\"alignnone size-medium wp-image-172255\" src=\"https:\/\/mspontocom.com.br\/site\/wp-content\/uploads\/2022\/07\/site-stf-ra-constituicao-ainda-ignora-perdao-a-silveira-73-dias-depois-stf-2-e8b5f394-e1656930238149-260x137.png\" alt=\"\" width=\"260\" height=\"137\" srcset=\"https:\/\/mspontocom.com.br\/site\/wp-content\/uploads\/2022\/07\/site-stf-ra-constituicao-ainda-ignora-perdao-a-silveira-73-dias-depois-stf-2-e8b5f394-e1656930238149-260x137.png 260w, https:\/\/mspontocom.com.br\/site\/wp-content\/uploads\/2022\/07\/site-stf-ra-constituicao-ainda-ignora-perdao-a-silveira-73-dias-depois-stf-2-e8b5f394-e1656930238149-768x404.png 768w, https:\/\/mspontocom.com.br\/site\/wp-content\/uploads\/2022\/07\/site-stf-ra-constituicao-ainda-ignora-perdao-a-silveira-73-dias-depois-stf-2-e8b5f394-e1656930238149.png 780w\" sizes=\"(max-width: 260px) 100vw, 260px\" \/><\/p>\n<p style=\"text-align: justify;\">Assessores pr\u00f3ximos do presidente <strong>Jair Bolsonaro<\/strong> (PL) j\u00e1 suspeitam que o STF continua ignorando o decreto de gra\u00e7a ou perd\u00e3o ao deputado <strong>Daniel Silveira<\/strong> (RJ), 73 dias depois de sua assinatura.<\/p>\n<p style=\"text-align: justify;\">Silveira ainda recebe do STF tratamento de condenado e de investigado no inqu\u00e9rito das fake news.<\/p>\n<div class=\"notas\">\n<div id=\"Nota-2\" class=\"entry-block ch-nota Nota-2\" style=\"text-align: justify;\">\n<h3>Cumpra-se<\/h3>\n<\/div>\n<p style=\"text-align: justify;\">Solicitado a se manifestar, o procurador-geral da Rep\u00fablica, Augusto Aras, considerou que o decreto, constitucional, deve ser cumprido.<\/p>\n<p style=\"text-align: justify;\"><strong>Decreto fulminante<\/strong><\/p>\n<p style=\"text-align: justify;\">Enquanto o Pa\u00eds discutia a dosimetria desproporcional e as manobras para se chegar \u00e0 senten\u00e7a, Bolsonaro assinou o decreto fulminante.<\/p>\n<div id=\"Nota-5\" class=\"entry-block ch-nota Nota-5\" style=\"text-align: justify;\">\n<h3>Xeque-mate<\/h3>\n<h3><span style=\"font-size: 12pt;\"><strong>Durante algumas semanas, ministros do STF discutiram internamente formas de anular o decreto presidencial, mas n\u00e3o havia o que fazer.<\/strong><\/span><\/h3>\n<\/div>\n<p style=\"text-align: justify;\">fonte: Di\u00e1rio do Poder<\/p>\n<div class=\"ddp-ads\">\n<div class=\"pub-hor pos-5\">\n<div id=\"ddp-ads-horizontal-5\" style=\"text-align: justify;\" data-google-query-id=\"CIij-rH63vgCFVAbuQYdXu0NaQ\"><\/div>\n<\/div>\n<\/div>\n<\/div>\n","protected":false},"excerpt":{"rendered":"<p>Assessores pr\u00f3ximos do presidente Jair Bolsonaro (PL) j\u00e1 suspeitam que o STF continua ignorando o decreto de gra\u00e7a ou perd\u00e3o ao deputado Daniel Silveira (RJ), 73 dias depois de sua assinatura. Silveira ainda recebe do STF tratamento de condenado e de investigado no inqu\u00e9rito das fake news. Cumpra-se Solicitado a se manifestar, o procurador-geral da [&hellip;]<\/p>\n","protected":false},"author":2,"featured_media":172255,"comment_status":"open","ping_status":"open","sticky":false,"template":"","format":"standard","meta":{"_monsterinsights_skip_tracking":false,"_monsterinsights_sitenote_active":false,"_monsterinsights_sitenote_note":"","_monsterinsights_sitenote_category":0},"categories":[6,30260,2528,30259],"tags":[21017,37168,172,26032,38144,3014],"aioseo_notices":[],"_links":{"self":[{"href":"https:\/\/mspontocom.com.br\/site\/wp-json\/wp\/v2\/posts\/172250"}],"collection":[{"href":"https:\/\/mspontocom.com.br\/site\/wp-json\/wp\/v2\/posts"}],"about":[{"href":"https:\/\/mspontocom.com.br\/site\/wp-json\/wp\/v2\/types\/post"}],"author":[{"embeddable":true,"href":"https:\/\/mspontocom.com.br\/site\/wp-json\/wp\/v2\/users\/2"}],"replies":[{"embeddable":true,"href":"https:\/\/mspontocom.com.br\/site\/wp-json\/wp\/v2\/comments?post=172250"}],"version-history":[{"count":2,"href":"https:\/\/mspontocom.com.br\/site\/wp-json\/wp\/v2\/posts\/172250\/revisions"}],"predecessor-version":[{"id":172256,"href":"https:\/\/mspontocom.com.br\/site\/wp-json\/wp\/v2\/posts\/172250\/revisions\/172256"}],"wp:featuredmedia":[{"embeddable":true,"href":"https:\/\/mspontocom.com.br\/site\/wp-json\/wp\/v2\/media\/172255"}],"wp:attachment":[{"href":"https:\/\/mspontocom.com.br\/site\/wp-json\/wp\/v2\/media?parent=172250"}],"wp:term":[{"taxonomy":"category","embeddable":true,"href":"https:\/\/mspontocom.com.br\/site\/wp-json\/wp\/v2\/categories?post=172250"},{"taxonomy":"post_tag","embeddable":true,"href":"https:\/\/mspontocom.com.br\/site\/wp-json\/wp\/v2\/tags?post=172250"}],"curies":[{"name":"wp","href":"https:\/\/api.w.org\/{rel}","templated":true}]}}