{"id":172276,"date":"2022-07-05T14:16:21","date_gmt":"2022-07-05T18:16:21","guid":{"rendered":"https:\/\/mspontocom.com.br\/site\/?p=172276"},"modified":"2022-07-05T14:01:50","modified_gmt":"2022-07-05T18:01:50","slug":"protocolado-pedido-de-cpi-para-apurar-ligacao-do-pt-com-pcc","status":"publish","type":"post","link":"https:\/\/mspontocom.com.br\/site\/protocolado-pedido-de-cpi-para-apurar-ligacao-do-pt-com-pcc\/","title":{"rendered":"Protocolado pedido de CPI para apurar liga\u00e7\u00e3o do PT com PCC"},"content":{"rendered":"<p style=\"text-align: justify;\"><img loading=\"lazy\" class=\"alignnone size-medium wp-image-172286\" src=\"https:\/\/mspontocom.com.br\/site\/wp-content\/uploads\/2022\/07\/site-protocolado-pedido-de-cpi-para-apurar-ligacao-do-pt-com-pcc-lula-01-e1657014876815-260x159.jpg\" alt=\"\" width=\"260\" height=\"159\" srcset=\"https:\/\/mspontocom.com.br\/site\/wp-content\/uploads\/2022\/07\/site-protocolado-pedido-de-cpi-para-apurar-ligacao-do-pt-com-pcc-lula-01-e1657014876815-260x159.jpg 260w, https:\/\/mspontocom.com.br\/site\/wp-content\/uploads\/2022\/07\/site-protocolado-pedido-de-cpi-para-apurar-ligacao-do-pt-com-pcc-lula-01-e1657014876815-768x469.jpg 768w, https:\/\/mspontocom.com.br\/site\/wp-content\/uploads\/2022\/07\/site-protocolado-pedido-de-cpi-para-apurar-ligacao-do-pt-com-pcc-lula-01-e1657014876815.jpg 890w\" sizes=\"(max-width: 260px) 100vw, 260px\" \/><\/p>\n<p style=\"text-align: justify;\">O deputado Carlos Sampaio (PSDB-SP) protocolou um pedido de abertura de uma Comiss\u00e3o Parlamentar de Inqu\u00e9rito <strong>(CPI)<\/strong> para investigar a suposta liga\u00e7\u00e3o do <strong>PT<\/strong> com o Primeiro Comando da Capital <strong>(PCC). <\/strong><\/p>\n<p style=\"text-align: justify;\">Na semana passada, o publicit\u00e1rio Marcos Val\u00e9rio acusou o PT de ser aliado da fac\u00e7\u00e3o.<\/p>\n<p style=\"text-align: justify;\">Al\u00e9m de refor\u00e7ar as suspeitas de que Celso Daniel, prefeito de Santo Andr\u00e9 foi morto por queima de arquivo, Marcos Val\u00e9rio revelou \u00e0 PF haver movimentado mais de R$100 milh\u00f5es de dinheiro sujo do PT.<\/p>\n<p style=\"text-align: justify;\"><strong>&#8220;O Brasil precisa de respostas\u201d,<\/strong> escreveu Sampaio, no Twitter.<\/p>\n<p style=\"text-align: justify;\">\u201cA uni\u00e3o de brasileiros de bem \u00e9 fundamental nesta luta contra a influ\u00eancia do crime organizado nos rumos do pa\u00eds.\u201d<\/p>\n<h2 class=\"entry-title\" style=\"text-align: justify;\">Liga\u00e7\u00e3o do PT com o PCC<\/h2>\n<p style=\"text-align: justify;\">Condenado a 37 anos de cadeia por participar do mensal\u00e3o, o publicit\u00e1rio Marcos Val\u00e9rio disse \u00e0 Pol\u00edcia Federal que o Partido dos Trabalhadores (PT) e a maior fac\u00e7\u00e3o criminosa das Am\u00e9ricas, o PCC, mantinham rela\u00e7\u00f5es estreitas.<\/p>\n","protected":false},"excerpt":{"rendered":"<p>O deputado Carlos Sampaio (PSDB-SP) protocolou um pedido de abertura de uma Comiss\u00e3o Parlamentar de Inqu\u00e9rito (CPI) para investigar a suposta liga\u00e7\u00e3o do PT com o Primeiro Comando da Capital (PCC). Na semana passada, o publicit\u00e1rio Marcos Val\u00e9rio acusou o PT de ser aliado da fac\u00e7\u00e3o. Al\u00e9m de refor\u00e7ar as suspeitas de que Celso Daniel, [&hellip;]<\/p>\n","protected":false},"author":2,"featured_media":172286,"comment_status":"open","ping_status":"open","sticky":false,"template":"","format":"standard","meta":{"_monsterinsights_skip_tracking":false,"_monsterinsights_sitenote_active":false,"_monsterinsights_sitenote_note":"","_monsterinsights_sitenote_category":0},"categories":[6,30260,30259],"tags":[4381,4275,533],"aioseo_notices":[],"_links":{"self":[{"href":"https:\/\/mspontocom.com.br\/site\/wp-json\/wp\/v2\/posts\/172276"}],"collection":[{"href":"https:\/\/mspontocom.com.br\/site\/wp-json\/wp\/v2\/posts"}],"about":[{"href":"https:\/\/mspontocom.com.br\/site\/wp-json\/wp\/v2\/types\/post"}],"author":[{"embeddable":true,"href":"https:\/\/mspontocom.com.br\/site\/wp-json\/wp\/v2\/users\/2"}],"replies":[{"embeddable":true,"href":"https:\/\/mspontocom.com.br\/site\/wp-json\/wp\/v2\/comments?post=172276"}],"version-history":[{"count":3,"href":"https:\/\/mspontocom.com.br\/site\/wp-json\/wp\/v2\/posts\/172276\/revisions"}],"predecessor-version":[{"id":172287,"href":"https:\/\/mspontocom.com.br\/site\/wp-json\/wp\/v2\/posts\/172276\/revisions\/172287"}],"wp:featuredmedia":[{"embeddable":true,"href":"https:\/\/mspontocom.com.br\/site\/wp-json\/wp\/v2\/media\/172286"}],"wp:attachment":[{"href":"https:\/\/mspontocom.com.br\/site\/wp-json\/wp\/v2\/media?parent=172276"}],"wp:term":[{"taxonomy":"category","embeddable":true,"href":"https:\/\/mspontocom.com.br\/site\/wp-json\/wp\/v2\/categories?post=172276"},{"taxonomy":"post_tag","embeddable":true,"href":"https:\/\/mspontocom.com.br\/site\/wp-json\/wp\/v2\/tags?post=172276"}],"curies":[{"name":"wp","href":"https:\/\/api.w.org\/{rel}","templated":true}]}}