{"id":172279,"date":"2022-07-05T15:23:15","date_gmt":"2022-07-05T19:23:15","guid":{"rendered":"https:\/\/mspontocom.com.br\/site\/?p=172279"},"modified":"2022-07-05T14:03:18","modified_gmt":"2022-07-05T18:03:18","slug":"delegado-que-investigou-pcc-vai-chefiar-seguranca-de-lula","status":"publish","type":"post","link":"https:\/\/mspontocom.com.br\/site\/delegado-que-investigou-pcc-vai-chefiar-seguranca-de-lula\/","title":{"rendered":"Delegado que investigou PCC vai chefiar seguran\u00e7a de Lula"},"content":{"rendered":"<p style=\"text-align: justify;\"><img loading=\"lazy\" class=\"alignnone size-medium wp-image-172288\" src=\"https:\/\/mspontocom.com.br\/site\/wp-content\/uploads\/2022\/07\/site-delegado-que-investigou-pcc-vai-chefiar-seguranca-de-lula-lula-preocupado-1-e1657015306538-260x179.webp\" alt=\"\" width=\"260\" height=\"179\" srcset=\"https:\/\/mspontocom.com.br\/site\/wp-content\/uploads\/2022\/07\/site-delegado-que-investigou-pcc-vai-chefiar-seguranca-de-lula-lula-preocupado-1-e1657015306538-260x179.webp 260w, https:\/\/mspontocom.com.br\/site\/wp-content\/uploads\/2022\/07\/site-delegado-que-investigou-pcc-vai-chefiar-seguranca-de-lula-lula-preocupado-1-e1657015306538-1024x703.webp 1024w, https:\/\/mspontocom.com.br\/site\/wp-content\/uploads\/2022\/07\/site-delegado-que-investigou-pcc-vai-chefiar-seguranca-de-lula-lula-preocupado-1-e1657015306538-768x528.webp 768w, https:\/\/mspontocom.com.br\/site\/wp-content\/uploads\/2022\/07\/site-delegado-que-investigou-pcc-vai-chefiar-seguranca-de-lula-lula-preocupado-1-e1657015306538.webp 1316w\" sizes=\"(max-width: 260px) 100vw, 260px\" \/><\/p>\n<p style=\"text-align: justify;\">O delegado da PF Alexsander Castro Oliveira vai chefiar a seguran\u00e7a do ex-presidente e pr\u00e9-candidato \u00e0 Presid\u00eancia da Rep\u00fablica <strong>Lula<\/strong> (PT) durante a campanha eleitoral de 2022.<\/p>\n<p style=\"text-align: justify;\">Oliveira atuou na opera\u00e7\u00e3o Cravada, deflagrada em 2019 para desarticular o n\u00facleo financeiro do<strong> PCC<\/strong> (Primeiro Comando da Capital).<\/p>\n<p style=\"text-align: justify;\">Tamb\u00e9m chefiou em 2020 a opera\u00e7\u00e3o Caixa Forte, que mirou l\u00edderes da fac\u00e7\u00e3o criminosa.<\/p>\n<p style=\"text-align: justify;\">O nome foi escolhido pela PF, em conjunto com a equipe da campanha de Lula.<\/p>\n<p style=\"text-align: justify;\">O delegado Andrei Rodrigues tamb\u00e9m atuar\u00e1 na seguran\u00e7a.<\/p>\n<p style=\"text-align: justify;\">Ele ficar\u00e1 na sede da campanha fazendo a interlocu\u00e7\u00e3o com a corpora\u00e7\u00e3o.<\/p>\n<p style=\"text-align: justify;\">O delegado atuou na campanha de Dilma Rousseff (PT) em 2010.<\/p>\n","protected":false},"excerpt":{"rendered":"<p>O delegado da PF Alexsander Castro Oliveira vai chefiar a seguran\u00e7a do ex-presidente e pr\u00e9-candidato \u00e0 Presid\u00eancia da Rep\u00fablica Lula (PT) durante a campanha eleitoral de 2022. Oliveira atuou na opera\u00e7\u00e3o Cravada, deflagrada em 2019 para desarticular o n\u00facleo financeiro do PCC (Primeiro Comando da Capital). Tamb\u00e9m chefiou em 2020 a opera\u00e7\u00e3o Caixa Forte, que [&hellip;]<\/p>\n","protected":false},"author":2,"featured_media":172288,"comment_status":"open","ping_status":"open","sticky":false,"template":"","format":"standard","meta":{"_monsterinsights_skip_tracking":false,"_monsterinsights_sitenote_active":false,"_monsterinsights_sitenote_note":"","_monsterinsights_sitenote_category":0},"categories":[6,30260,30259],"tags":[1096,27555,480,4275,4100,1375],"aioseo_notices":[],"_links":{"self":[{"href":"https:\/\/mspontocom.com.br\/site\/wp-json\/wp\/v2\/posts\/172279"}],"collection":[{"href":"https:\/\/mspontocom.com.br\/site\/wp-json\/wp\/v2\/posts"}],"about":[{"href":"https:\/\/mspontocom.com.br\/site\/wp-json\/wp\/v2\/types\/post"}],"author":[{"embeddable":true,"href":"https:\/\/mspontocom.com.br\/site\/wp-json\/wp\/v2\/users\/2"}],"replies":[{"embeddable":true,"href":"https:\/\/mspontocom.com.br\/site\/wp-json\/wp\/v2\/comments?post=172279"}],"version-history":[{"count":2,"href":"https:\/\/mspontocom.com.br\/site\/wp-json\/wp\/v2\/posts\/172279\/revisions"}],"predecessor-version":[{"id":172289,"href":"https:\/\/mspontocom.com.br\/site\/wp-json\/wp\/v2\/posts\/172279\/revisions\/172289"}],"wp:featuredmedia":[{"embeddable":true,"href":"https:\/\/mspontocom.com.br\/site\/wp-json\/wp\/v2\/media\/172288"}],"wp:attachment":[{"href":"https:\/\/mspontocom.com.br\/site\/wp-json\/wp\/v2\/media?parent=172279"}],"wp:term":[{"taxonomy":"category","embeddable":true,"href":"https:\/\/mspontocom.com.br\/site\/wp-json\/wp\/v2\/categories?post=172279"},{"taxonomy":"post_tag","embeddable":true,"href":"https:\/\/mspontocom.com.br\/site\/wp-json\/wp\/v2\/tags?post=172279"}],"curies":[{"name":"wp","href":"https:\/\/api.w.org\/{rel}","templated":true}]}}