{"id":172290,"date":"2022-07-05T06:16:38","date_gmt":"2022-07-05T10:16:38","guid":{"rendered":"https:\/\/mspontocom.com.br\/site\/?p=172290"},"modified":"2022-07-05T06:16:38","modified_gmt":"2022-07-05T10:16:38","slug":"tse-tira-mes-inteiro-de-ferias-em-pleno-ano-eleitoral","status":"publish","type":"post","link":"https:\/\/mspontocom.com.br\/site\/tse-tira-mes-inteiro-de-ferias-em-pleno-ano-eleitoral\/","title":{"rendered":"TSE tira m\u00eas inteiro de f\u00e9rias em pleno ano eleitoral"},"content":{"rendered":"<p style=\"text-align: justify;\"><img loading=\"lazy\" class=\"alignnone size-medium wp-image-172291\" src=\"https:\/\/mspontocom.com.br\/site\/wp-content\/uploads\/2022\/07\/site-tse-tira-mes-inteiro-de-ferias-em-pleno-ano-eleitoral-barra-e1657016092339-260x158.jpg\" alt=\"\" width=\"260\" height=\"158\" srcset=\"https:\/\/mspontocom.com.br\/site\/wp-content\/uploads\/2022\/07\/site-tse-tira-mes-inteiro-de-ferias-em-pleno-ano-eleitoral-barra-e1657016092339-260x158.jpg 260w, https:\/\/mspontocom.com.br\/site\/wp-content\/uploads\/2022\/07\/site-tse-tira-mes-inteiro-de-ferias-em-pleno-ano-eleitoral-barra-e1657016092339-1024x623.jpg 1024w, https:\/\/mspontocom.com.br\/site\/wp-content\/uploads\/2022\/07\/site-tse-tira-mes-inteiro-de-ferias-em-pleno-ano-eleitoral-barra-e1657016092339-768x467.jpg 768w, https:\/\/mspontocom.com.br\/site\/wp-content\/uploads\/2022\/07\/site-tse-tira-mes-inteiro-de-ferias-em-pleno-ano-eleitoral-barra-e1657016092339.jpg 1137w\" sizes=\"(max-width: 260px) 100vw, 260px\" \/><\/p>\n<p style=\"text-align: justify;\">A produ\u00e7\u00e3o de piadas prontas no Brasil continua inesgot\u00e1vel: em pleno ano eleitoral, o Tribunal Superior Eleitoral (TSE) n\u00e3o abriu m\u00e3o do recesso de meio do ano, garantindo folga remunerada a suas excel\u00eancias.<\/p>\n<p style=\"text-align: justify;\">A folga come\u00e7ou quando faltavam 90 dias para a elei\u00e7\u00e3o.<\/p>\n<p style=\"text-align: justify;\">O TSE j\u00e1 comunicou a chamada \u201csuspens\u00e3o dos prazos processuais\u201d durante o recesso, todo o m\u00eas de julho, at\u00e9 o dia 31.<\/p>\n<div class=\"notas\" style=\"text-align: justify;\">\n<div id=\"Nota-2\" class=\"entry-block ch-nota Nota-2\">\n<h3>Ningu\u00e9m tasca<\/h3>\n<\/div>\n<p>No STF, cinco ministros \u201ctrabalhar\u00e3o durante o recesso\u201d. Isso impede decis\u00f5es de urg\u00eancia da presid\u00eancia sobre processos que relatam.<\/p>\n<div id=\"Nota-3\" class=\"entry-block ch-nota Nota-3\"><\/div>\n<p><strong>Ningu\u00e9m \u00e9 de ferro<\/strong><\/p>\n<p>Toffoli, Lu\u00eds Barroso, Edson Fachin e Nunes Marques v\u00e3o viajar, por isso, no recesso, quest\u00f5es urgentes podem ser decidias pelo presidente.<\/p>\n<div id=\"Nota-5\" class=\"entry-block ch-nota Nota-5\"><\/div>\n<p>&nbsp;<\/p>\n<\/div>\n<p style=\"text-align: justify;\">fonte: Coluna Claudio Humberto, Di\u00e1rio do Poder<\/p>\n","protected":false},"excerpt":{"rendered":"<p>A produ\u00e7\u00e3o de piadas prontas no Brasil continua inesgot\u00e1vel: em pleno ano eleitoral, o Tribunal Superior Eleitoral (TSE) n\u00e3o abriu m\u00e3o do recesso de meio do ano, garantindo folga remunerada a suas excel\u00eancias. A folga come\u00e7ou quando faltavam 90 dias para a elei\u00e7\u00e3o. O TSE j\u00e1 comunicou a chamada \u201csuspens\u00e3o dos prazos processuais\u201d durante o [&hellip;]<\/p>\n","protected":false},"author":2,"featured_media":172291,"comment_status":"open","ping_status":"open","sticky":false,"template":"","format":"standard","meta":{"_monsterinsights_skip_tracking":false,"_monsterinsights_sitenote_active":false,"_monsterinsights_sitenote_note":"","_monsterinsights_sitenote_category":0},"categories":[6,30260,30259],"tags":[38147,1972,4378],"aioseo_notices":[],"_links":{"self":[{"href":"https:\/\/mspontocom.com.br\/site\/wp-json\/wp\/v2\/posts\/172290"}],"collection":[{"href":"https:\/\/mspontocom.com.br\/site\/wp-json\/wp\/v2\/posts"}],"about":[{"href":"https:\/\/mspontocom.com.br\/site\/wp-json\/wp\/v2\/types\/post"}],"author":[{"embeddable":true,"href":"https:\/\/mspontocom.com.br\/site\/wp-json\/wp\/v2\/users\/2"}],"replies":[{"embeddable":true,"href":"https:\/\/mspontocom.com.br\/site\/wp-json\/wp\/v2\/comments?post=172290"}],"version-history":[{"count":1,"href":"https:\/\/mspontocom.com.br\/site\/wp-json\/wp\/v2\/posts\/172290\/revisions"}],"predecessor-version":[{"id":172292,"href":"https:\/\/mspontocom.com.br\/site\/wp-json\/wp\/v2\/posts\/172290\/revisions\/172292"}],"wp:featuredmedia":[{"embeddable":true,"href":"https:\/\/mspontocom.com.br\/site\/wp-json\/wp\/v2\/media\/172291"}],"wp:attachment":[{"href":"https:\/\/mspontocom.com.br\/site\/wp-json\/wp\/v2\/media?parent=172290"}],"wp:term":[{"taxonomy":"category","embeddable":true,"href":"https:\/\/mspontocom.com.br\/site\/wp-json\/wp\/v2\/categories?post=172290"},{"taxonomy":"post_tag","embeddable":true,"href":"https:\/\/mspontocom.com.br\/site\/wp-json\/wp\/v2\/tags?post=172290"}],"curies":[{"name":"wp","href":"https:\/\/api.w.org\/{rel}","templated":true}]}}