{"id":172306,"date":"2022-07-06T14:13:21","date_gmt":"2022-07-06T18:13:21","guid":{"rendered":"https:\/\/mspontocom.com.br\/site\/?p=172306"},"modified":"2022-07-06T14:04:00","modified_gmt":"2022-07-06T18:04:00","slug":"camara-convoca-marcos-valerio-para-explicar-ligacao-do-pt-com-pcc","status":"publish","type":"post","link":"https:\/\/mspontocom.com.br\/site\/camara-convoca-marcos-valerio-para-explicar-ligacao-do-pt-com-pcc\/","title":{"rendered":"C\u00e2mara convoca Marcos Val\u00e9rio para explicar liga\u00e7\u00e3o do PT com PCC"},"content":{"rendered":"<p style=\"text-align: justify;\"><img loading=\"lazy\" class=\"alignnone size-medium wp-image-172312\" src=\"https:\/\/mspontocom.com.br\/site\/wp-content\/uploads\/2022\/07\/site-camara-convoca-marcos-valerio-para-explicar-ligacao-do-pt-com-pcc-valerio-e1657102279708-260x141.jpg\" alt=\"\" width=\"260\" height=\"141\" srcset=\"https:\/\/mspontocom.com.br\/site\/wp-content\/uploads\/2022\/07\/site-camara-convoca-marcos-valerio-para-explicar-ligacao-do-pt-com-pcc-valerio-e1657102279708-260x141.jpg 260w, https:\/\/mspontocom.com.br\/site\/wp-content\/uploads\/2022\/07\/site-camara-convoca-marcos-valerio-para-explicar-ligacao-do-pt-com-pcc-valerio-e1657102279708.jpg 594w\" sizes=\"(max-width: 260px) 100vw, 260px\" \/><\/p>\n<p style=\"text-align: justify;\">A Comiss\u00e3o de Seguran\u00e7a P\u00fablica da C\u00e2mara dos Deputados aprovou\u00a0 requerimento apresentado pelo deputado federal <strong>Eduardo Bolsonaro<\/strong> (PL-SP) que convoca o empres\u00e1rio e ex-operador do PT a prestar esclarecimentos na Casa Legislativa.<\/p>\n<p style=\"text-align: justify;\">Ainda n\u00e3o h\u00e1 data para que a audi\u00eancia seja realizada.<\/p>\n<p style=\"text-align: justify;\">Em sua justificativa, Eduardo afirma que a \u201crepercuss\u00e3o e relev\u00e2ncia\u201d das informa\u00e7\u00f5es divulgadas por <strong>Val\u00e9rio<\/strong> em sua dela\u00e7\u00e3o premiada \u00e0 Pol\u00edcia Federal \u2013 em que o publicit\u00e1rio acusa o PT de operar um fundo clandestino de R$ 100 milh\u00f5es e de ter uma suposta liga\u00e7\u00e3o com o grupo criminoso <strong>PCC<\/strong> \u2013 torna necess\u00e1ria a convoca\u00e7\u00e3o do ex-petista para que explica\u00e7\u00f5es sejam dadas aos parlamentares.<\/p>\n<p style=\"text-align: justify;\">O requerente lamentou que a C\u00e2mara tenha o poder de convidar, e n\u00e3o de convocar Val\u00e9rio para prestar esclarecimentos, e ressaltou que parte da Casa j\u00e1 trabalha para coletar assinaturas para a abertura de uma<strong> CPI<\/strong> que investigue o caso.<\/p>\n","protected":false},"excerpt":{"rendered":"<p>A Comiss\u00e3o de Seguran\u00e7a P\u00fablica da C\u00e2mara dos Deputados aprovou\u00a0 requerimento apresentado pelo deputado federal Eduardo Bolsonaro (PL-SP) que convoca o empres\u00e1rio e ex-operador do PT a prestar esclarecimentos na Casa Legislativa. Ainda n\u00e3o h\u00e1 data para que a audi\u00eancia seja realizada. Em sua justificativa, Eduardo afirma que a \u201crepercuss\u00e3o e relev\u00e2ncia\u201d das informa\u00e7\u00f5es divulgadas [&hellip;]<\/p>\n","protected":false},"author":2,"featured_media":172312,"comment_status":"open","ping_status":"open","sticky":false,"template":"","format":"standard","meta":{"_monsterinsights_skip_tracking":false,"_monsterinsights_sitenote_active":false,"_monsterinsights_sitenote_note":"","_monsterinsights_sitenote_category":0},"categories":[6,30260,30259],"tags":[3645,476,32674,1322,4275,533],"aioseo_notices":[],"_links":{"self":[{"href":"https:\/\/mspontocom.com.br\/site\/wp-json\/wp\/v2\/posts\/172306"}],"collection":[{"href":"https:\/\/mspontocom.com.br\/site\/wp-json\/wp\/v2\/posts"}],"about":[{"href":"https:\/\/mspontocom.com.br\/site\/wp-json\/wp\/v2\/types\/post"}],"author":[{"embeddable":true,"href":"https:\/\/mspontocom.com.br\/site\/wp-json\/wp\/v2\/users\/2"}],"replies":[{"embeddable":true,"href":"https:\/\/mspontocom.com.br\/site\/wp-json\/wp\/v2\/comments?post=172306"}],"version-history":[{"count":2,"href":"https:\/\/mspontocom.com.br\/site\/wp-json\/wp\/v2\/posts\/172306\/revisions"}],"predecessor-version":[{"id":172313,"href":"https:\/\/mspontocom.com.br\/site\/wp-json\/wp\/v2\/posts\/172306\/revisions\/172313"}],"wp:featuredmedia":[{"embeddable":true,"href":"https:\/\/mspontocom.com.br\/site\/wp-json\/wp\/v2\/media\/172312"}],"wp:attachment":[{"href":"https:\/\/mspontocom.com.br\/site\/wp-json\/wp\/v2\/media?parent=172306"}],"wp:term":[{"taxonomy":"category","embeddable":true,"href":"https:\/\/mspontocom.com.br\/site\/wp-json\/wp\/v2\/categories?post=172306"},{"taxonomy":"post_tag","embeddable":true,"href":"https:\/\/mspontocom.com.br\/site\/wp-json\/wp\/v2\/tags?post=172306"}],"curies":[{"name":"wp","href":"https:\/\/api.w.org\/{rel}","templated":true}]}}