{"id":172336,"date":"2022-07-07T13:59:15","date_gmt":"2022-07-07T17:59:15","guid":{"rendered":"https:\/\/mspontocom.com.br\/site\/?p=172336"},"modified":"2022-07-07T13:28:53","modified_gmt":"2022-07-07T17:28:53","slug":"em-reuniao-bolsonaro-faz-criticas-ao-tse-e-tem-apoio-de-militares","status":"publish","type":"post","link":"https:\/\/mspontocom.com.br\/site\/em-reuniao-bolsonaro-faz-criticas-ao-tse-e-tem-apoio-de-militares\/","title":{"rendered":"Em reuni\u00e3o, Bolsonaro faz cr\u00edticas ao TSE e tem apoio de militares"},"content":{"rendered":"<p style=\"text-align: justify;\"><img loading=\"lazy\" class=\"alignnone size-medium wp-image-172340\" src=\"https:\/\/mspontocom.com.br\/site\/wp-content\/uploads\/2022\/07\/site-bolsonaro-faz-ataques-ao-tse-e-tem-aoipo-de-militares-militar-e1657189619304-260x141.jpg\" alt=\"\" width=\"260\" height=\"141\" srcset=\"https:\/\/mspontocom.com.br\/site\/wp-content\/uploads\/2022\/07\/site-bolsonaro-faz-ataques-ao-tse-e-tem-aoipo-de-militares-militar-e1657189619304-260x141.jpg 260w, https:\/\/mspontocom.com.br\/site\/wp-content\/uploads\/2022\/07\/site-bolsonaro-faz-ataques-ao-tse-e-tem-aoipo-de-militares-militar-e1657189619304-1024x555.jpg 1024w, https:\/\/mspontocom.com.br\/site\/wp-content\/uploads\/2022\/07\/site-bolsonaro-faz-ataques-ao-tse-e-tem-aoipo-de-militares-militar-e1657189619304-768x416.jpg 768w, https:\/\/mspontocom.com.br\/site\/wp-content\/uploads\/2022\/07\/site-bolsonaro-faz-ataques-ao-tse-e-tem-aoipo-de-militares-militar-e1657189619304.jpg 1191w\" sizes=\"(max-width: 260px) 100vw, 260px\" \/><\/p>\n<p style=\"text-align: justify;\">Em reuni\u00e3o ministerial no Pal\u00e1cio do Planalto, <strong>Jair Bolsonaro<\/strong> voltou ao ataque \u00e0s urnas eletr\u00f4nicas.<\/p>\n<p style=\"text-align: justify;\">Estavam presentes na reuni\u00e3o 22 ministros e os representantes das tr\u00eas <strong>For\u00e7as Armadas.<\/strong><\/p>\n<p style=\"text-align: justify;\">Na reuni\u00e3o, Bolsonaro disse ainda que &#8220;n\u00e3o entende&#8221; por que o TSE n\u00e3o aceita as sugest\u00f5es das For\u00e7as Armadas sobre a seguran\u00e7a das urnas eletr\u00f4nicas.<\/p>\n<p style=\"text-align: justify;\">O presidente tamb\u00e9m teria dito que a justi\u00e7a eleitoral participa de uma arma\u00e7\u00e3o contra ele e n\u00e3o aceita &#8220;nem perguntas&#8221; sobre as urnas.<\/p>\n<p style=\"text-align: justify;\">&#8220;Eu n\u00e3o quero golpe. Quem quer golpe n\u00e3o tenta um acordo&#8221;, teria dito o presidente.<\/p>\n<p style=\"text-align: justify;\">O<strong> ministro da Defesa<\/strong>, o ex-comandante do Ex\u00e9rcito general Paulo S\u00e9rgio de Oliveira, <strong>apoiou o discurso do presidente<\/strong> e refor\u00e7ou que o TSE n\u00e3o atendeu seu pedido para reuni\u00e3o apenas com os militares na corte.<\/p>\n<p style=\"text-align: justify;\">Reclamou ainda que est\u00e1 \u00e0 disposi\u00e7\u00e3o do tribunal, mas que &#8220;falta reciprocidade&#8221;.<\/p>\n<p style=\"text-align: justify;\">\n","protected":false},"excerpt":{"rendered":"<p>Em reuni\u00e3o ministerial no Pal\u00e1cio do Planalto, Jair Bolsonaro voltou ao ataque \u00e0s urnas eletr\u00f4nicas. Estavam presentes na reuni\u00e3o 22 ministros e os representantes das tr\u00eas For\u00e7as Armadas. Na reuni\u00e3o, Bolsonaro disse ainda que &#8220;n\u00e3o entende&#8221; por que o TSE n\u00e3o aceita as sugest\u00f5es das For\u00e7as Armadas sobre a seguran\u00e7a das urnas eletr\u00f4nicas. O presidente [&hellip;]<\/p>\n","protected":false},"author":2,"featured_media":172340,"comment_status":"open","ping_status":"open","sticky":false,"template":"","format":"standard","meta":{"_monsterinsights_skip_tracking":false,"_monsterinsights_sitenote_active":false,"_monsterinsights_sitenote_note":"","_monsterinsights_sitenote_category":0},"categories":[6,30260,30259],"tags":[3546,21017,24747,25419,4378],"aioseo_notices":[],"_links":{"self":[{"href":"https:\/\/mspontocom.com.br\/site\/wp-json\/wp\/v2\/posts\/172336"}],"collection":[{"href":"https:\/\/mspontocom.com.br\/site\/wp-json\/wp\/v2\/posts"}],"about":[{"href":"https:\/\/mspontocom.com.br\/site\/wp-json\/wp\/v2\/types\/post"}],"author":[{"embeddable":true,"href":"https:\/\/mspontocom.com.br\/site\/wp-json\/wp\/v2\/users\/2"}],"replies":[{"embeddable":true,"href":"https:\/\/mspontocom.com.br\/site\/wp-json\/wp\/v2\/comments?post=172336"}],"version-history":[{"count":2,"href":"https:\/\/mspontocom.com.br\/site\/wp-json\/wp\/v2\/posts\/172336\/revisions"}],"predecessor-version":[{"id":172341,"href":"https:\/\/mspontocom.com.br\/site\/wp-json\/wp\/v2\/posts\/172336\/revisions\/172341"}],"wp:featuredmedia":[{"embeddable":true,"href":"https:\/\/mspontocom.com.br\/site\/wp-json\/wp\/v2\/media\/172340"}],"wp:attachment":[{"href":"https:\/\/mspontocom.com.br\/site\/wp-json\/wp\/v2\/media?parent=172336"}],"wp:term":[{"taxonomy":"category","embeddable":true,"href":"https:\/\/mspontocom.com.br\/site\/wp-json\/wp\/v2\/categories?post=172336"},{"taxonomy":"post_tag","embeddable":true,"href":"https:\/\/mspontocom.com.br\/site\/wp-json\/wp\/v2\/tags?post=172336"}],"curies":[{"name":"wp","href":"https:\/\/api.w.org\/{rel}","templated":true}]}}