{"id":172338,"date":"2022-07-07T13:35:00","date_gmt":"2022-07-07T17:35:00","guid":{"rendered":"https:\/\/mspontocom.com.br\/site\/?p=172338"},"modified":"2022-07-07T13:25:40","modified_gmt":"2022-07-07T17:25:40","slug":"brasil-pode-ter-evento-mais-grave-que-invasao-do-capitolio-diz-fachin","status":"publish","type":"post","link":"https:\/\/mspontocom.com.br\/site\/brasil-pode-ter-evento-mais-grave-que-invasao-do-capitolio-diz-fachin\/","title":{"rendered":"Brasil pode ter evento mais grave que invas\u00e3o do Capit\u00f3lio, diz Fachin"},"content":{"rendered":"<p style=\"text-align: justify;\"><img loading=\"lazy\" class=\"alignnone size-medium wp-image-172342\" src=\"https:\/\/mspontocom.com.br\/site\/wp-content\/uploads\/2022\/07\/site-brasil-pode-ter-evento-mais-grave-que-invasao-do-capitolio-diz-fachin-fachin-e1657190025956-260x147.jpeg\" alt=\"\" width=\"260\" height=\"147\" srcset=\"https:\/\/mspontocom.com.br\/site\/wp-content\/uploads\/2022\/07\/site-brasil-pode-ter-evento-mais-grave-que-invasao-do-capitolio-diz-fachin-fachin-e1657190025956-260x147.jpeg 260w, https:\/\/mspontocom.com.br\/site\/wp-content\/uploads\/2022\/07\/site-brasil-pode-ter-evento-mais-grave-que-invasao-do-capitolio-diz-fachin-fachin-e1657190025956.jpeg 453w\" sizes=\"(max-width: 260px) 100vw, 260px\" \/><\/p>\n<p style=\"text-align: justify;\">O ministro<strong> Luiz Edson Fachin<\/strong>, do STF afirmou, nesta quinta-feira,\u00a0 que o Brasil pode testemunhar um evento mais grave que a invas\u00e3o do Capit\u00f3lio.<\/p>\n<p style=\"text-align: justify;\">O magistrado est\u00e1 viajando pelos Estados Unidos.<\/p>\n<p style=\"text-align: justify;\">\u201cVamos proclamar e diplomar os eleitos\u201d, disse, durante um debate no Wilson Center, em Washington.<\/p>\n<p style=\"text-align: justify;\">\u201cA primeira condi\u00e7\u00e3o \u00e9 que a Justi\u00e7a Eleitoral n\u00e3o se vergue.\u201d<\/p>\n<p style=\"text-align: justify;\">Na cerim\u00f4nia, Fachin discorreu sobre \u201cprocedimentos\u201d do Tribunal Superior Eleitoral, caso as elei\u00e7\u00f5es de 2022 sejam contestadas.<\/p>\n<p style=\"text-align: justify;\">Segundo Fachin, a sociedade civil deve expressar o \u201canseio de viver numa sociedade democr\u00e1tica\u201d. \u201cFora das elei\u00e7\u00f5es, \u00e9 a guerra de todos contra todos\u201d, observou.<\/p>\n<p style=\"text-align: justify;\">\u201cA terceira condi\u00e7\u00e3o \u00e9 o apoio do Parlamento ao TSE. Se houver a dilui\u00e7\u00e3o de um dos Poderes, certamente o outro estar\u00e1 do outro lado da rua.\u201d<\/p>\n<div class=\"ad-wrap ad-\">\n<div id=\"smartIntxt\" style=\"text-align: justify;\"><\/div>\n<div id=\"div-gam-materia_2\" class=\"jms-ad\" data-slot-id=\"div-gam-materia_2\" data-google-query-id=\"CNP10pbF5vgCFZU0uQYdzKUB6w\">\n<div id=\"google_ads_iframe_\/22388345455\/materia_2_0__container__\" style=\"text-align: justify;\"><\/div>\n<\/div>\n<\/div>\n","protected":false},"excerpt":{"rendered":"<p>O ministro Luiz Edson Fachin, do STF afirmou, nesta quinta-feira,\u00a0 que o Brasil pode testemunhar um evento mais grave que a invas\u00e3o do Capit\u00f3lio. O magistrado est\u00e1 viajando pelos Estados Unidos. \u201cVamos proclamar e diplomar os eleitos\u201d, disse, durante um debate no Wilson Center, em Washington. \u201cA primeira condi\u00e7\u00e3o \u00e9 que a Justi\u00e7a Eleitoral n\u00e3o [&hellip;]<\/p>\n","protected":false},"author":2,"featured_media":172342,"comment_status":"open","ping_status":"open","sticky":false,"template":"","format":"standard","meta":{"_monsterinsights_skip_tracking":false,"_monsterinsights_sitenote_active":false,"_monsterinsights_sitenote_note":"","_monsterinsights_sitenote_category":0},"categories":[6,30260,30259],"tags":[30254,38152,21908],"aioseo_notices":[],"_links":{"self":[{"href":"https:\/\/mspontocom.com.br\/site\/wp-json\/wp\/v2\/posts\/172338"}],"collection":[{"href":"https:\/\/mspontocom.com.br\/site\/wp-json\/wp\/v2\/posts"}],"about":[{"href":"https:\/\/mspontocom.com.br\/site\/wp-json\/wp\/v2\/types\/post"}],"author":[{"embeddable":true,"href":"https:\/\/mspontocom.com.br\/site\/wp-json\/wp\/v2\/users\/2"}],"replies":[{"embeddable":true,"href":"https:\/\/mspontocom.com.br\/site\/wp-json\/wp\/v2\/comments?post=172338"}],"version-history":[{"count":3,"href":"https:\/\/mspontocom.com.br\/site\/wp-json\/wp\/v2\/posts\/172338\/revisions"}],"predecessor-version":[{"id":172367,"href":"https:\/\/mspontocom.com.br\/site\/wp-json\/wp\/v2\/posts\/172338\/revisions\/172367"}],"wp:featuredmedia":[{"embeddable":true,"href":"https:\/\/mspontocom.com.br\/site\/wp-json\/wp\/v2\/media\/172342"}],"wp:attachment":[{"href":"https:\/\/mspontocom.com.br\/site\/wp-json\/wp\/v2\/media?parent=172338"}],"wp:term":[{"taxonomy":"category","embeddable":true,"href":"https:\/\/mspontocom.com.br\/site\/wp-json\/wp\/v2\/categories?post=172338"},{"taxonomy":"post_tag","embeddable":true,"href":"https:\/\/mspontocom.com.br\/site\/wp-json\/wp\/v2\/tags?post=172338"}],"curies":[{"name":"wp","href":"https:\/\/api.w.org\/{rel}","templated":true}]}}