{"id":172370,"date":"2022-07-08T06:38:31","date_gmt":"2022-07-08T10:38:31","guid":{"rendered":"https:\/\/mspontocom.com.br\/site\/?p=172370"},"modified":"2022-07-08T06:38:31","modified_gmt":"2022-07-08T10:38:31","slug":"bolsonaro-acusa-lula-de-ser-o-mentor-da-morte-de-celso-daniel","status":"publish","type":"post","link":"https:\/\/mspontocom.com.br\/site\/bolsonaro-acusa-lula-de-ser-o-mentor-da-morte-de-celso-daniel\/","title":{"rendered":"Bolsonaro acusa Lula de ser o mentor da morte de Celso Daniel"},"content":{"rendered":"<p><img loading=\"lazy\" class=\"alignnone size-medium wp-image-172376\" src=\"https:\/\/mspontocom.com.br\/site\/wp-content\/uploads\/2022\/07\/site-bolsonaro-acusa-lula-por-morte-de-celso-daniel-bolsolula1-e1657276604516-260x137.jpg\" alt=\"\" width=\"260\" height=\"137\" srcset=\"https:\/\/mspontocom.com.br\/site\/wp-content\/uploads\/2022\/07\/site-bolsonaro-acusa-lula-por-morte-de-celso-daniel-bolsolula1-e1657276604516-260x137.jpg 260w, https:\/\/mspontocom.com.br\/site\/wp-content\/uploads\/2022\/07\/site-bolsonaro-acusa-lula-por-morte-de-celso-daniel-bolsolula1-e1657276604516-768x404.jpg 768w, https:\/\/mspontocom.com.br\/site\/wp-content\/uploads\/2022\/07\/site-bolsonaro-acusa-lula-por-morte-de-celso-daniel-bolsolula1-e1657276604516.jpg 811w\" sizes=\"(max-width: 260px) 100vw, 260px\" \/><\/p>\n<p style=\"text-align: justify;\">Durante sua live semanal das quintas-feiras, o presidente<strong> Jair Bolsonaro<\/strong> (PL) acusou o ex-presidente <strong>Luiz In\u00e1cio Lula da Silva<\/strong> (PT) de ser &#8220;mentor&#8221; do assassinato do ex-prefeito <strong>Celso Daniel. <\/strong><\/p>\n<p style=\"text-align: justify;\">Horas depois, o petista emitiu nota chamando o chefe do Executivo de &#8220;mentiroso&#8221;.<\/p>\n<p style=\"text-align: justify;\">Celso Daniel, ent\u00e3o prefeito de Santo Andr\u00e9 (SP), foi sequestrado em 18 de janeiro de 2002 e encontrado morto dois dias depois, com marcas de tortura e tiros em uma estrada em Juquitiba (SP).<\/p>\n<p style=\"text-align: justify;\">Tamb\u00e9m do PT, ele tinha sido escolhido para coordenar a campanha de Lula para a presid\u00eancia em outubro daquele ano.<\/p>\n<p style=\"text-align: justify;\">O primeiro inqu\u00e9rito da Pol\u00edcia Civil de S\u00e3o Paulo, conclu\u00eddo em abril daquele ano, apontou que uma quadrilha havia cometido o crime \u2014um crime comum, sem motiva\u00e7\u00f5es pol\u00edticas.<\/p>\n<p style=\"text-align: justify;\"><strong>Essa vers\u00e3o, com o passar dos anos, foi desconsiderada.<\/strong><\/p>\n<p style=\"text-align: justify;\">As investiga\u00e7\u00f5es continuam em aberto e documentos obtidos pela revista Veja apontam que o MP n\u00e3o descarta conex\u00e3o do crime com &#8220;ind\u00edcios de liga\u00e7\u00f5es com esquema de arrecada\u00e7\u00e3o de &#8216;propinas'&#8221; do PT.<\/p>\n","protected":false},"excerpt":{"rendered":"<p>Durante sua live semanal das quintas-feiras, o presidente Jair Bolsonaro (PL) acusou o ex-presidente Luiz In\u00e1cio Lula da Silva (PT) de ser &#8220;mentor&#8221; do assassinato do ex-prefeito Celso Daniel. Horas depois, o petista emitiu nota chamando o chefe do Executivo de &#8220;mentiroso&#8221;. Celso Daniel, ent\u00e3o prefeito de Santo Andr\u00e9 (SP), foi sequestrado em 18 de [&hellip;]<\/p>\n","protected":false},"author":2,"featured_media":172376,"comment_status":"open","ping_status":"open","sticky":false,"template":"","format":"standard","meta":{"_monsterinsights_skip_tracking":false,"_monsterinsights_sitenote_active":false,"_monsterinsights_sitenote_note":"","_monsterinsights_sitenote_category":0},"categories":[6,30260,30259],"tags":[25492,21017,24639,480,427],"aioseo_notices":[],"_links":{"self":[{"href":"https:\/\/mspontocom.com.br\/site\/wp-json\/wp\/v2\/posts\/172370"}],"collection":[{"href":"https:\/\/mspontocom.com.br\/site\/wp-json\/wp\/v2\/posts"}],"about":[{"href":"https:\/\/mspontocom.com.br\/site\/wp-json\/wp\/v2\/types\/post"}],"author":[{"embeddable":true,"href":"https:\/\/mspontocom.com.br\/site\/wp-json\/wp\/v2\/users\/2"}],"replies":[{"embeddable":true,"href":"https:\/\/mspontocom.com.br\/site\/wp-json\/wp\/v2\/comments?post=172370"}],"version-history":[{"count":2,"href":"https:\/\/mspontocom.com.br\/site\/wp-json\/wp\/v2\/posts\/172370\/revisions"}],"predecessor-version":[{"id":172377,"href":"https:\/\/mspontocom.com.br\/site\/wp-json\/wp\/v2\/posts\/172370\/revisions\/172377"}],"wp:featuredmedia":[{"embeddable":true,"href":"https:\/\/mspontocom.com.br\/site\/wp-json\/wp\/v2\/media\/172376"}],"wp:attachment":[{"href":"https:\/\/mspontocom.com.br\/site\/wp-json\/wp\/v2\/media?parent=172370"}],"wp:term":[{"taxonomy":"category","embeddable":true,"href":"https:\/\/mspontocom.com.br\/site\/wp-json\/wp\/v2\/categories?post=172370"},{"taxonomy":"post_tag","embeddable":true,"href":"https:\/\/mspontocom.com.br\/site\/wp-json\/wp\/v2\/tags?post=172370"}],"curies":[{"name":"wp","href":"https:\/\/api.w.org\/{rel}","templated":true}]}}