{"id":172372,"date":"2022-07-08T06:55:11","date_gmt":"2022-07-08T10:55:11","guid":{"rendered":"https:\/\/mspontocom.com.br\/site\/?p=172372"},"modified":"2022-07-08T06:55:11","modified_gmt":"2022-07-08T10:55:11","slug":"militares-vao-pressionar-tse-por-suposta-fragilidade-das-urnas","status":"publish","type":"post","link":"https:\/\/mspontocom.com.br\/site\/militares-vao-pressionar-tse-por-suposta-fragilidade-das-urnas\/","title":{"rendered":"Militares v\u00e3o pressionar TSE por suposta fragilidade das urnas"},"content":{"rendered":"<p style=\"text-align: justify;\"><img loading=\"lazy\" class=\"alignnone size-medium wp-image-172381\" src=\"https:\/\/mspontocom.com.br\/site\/wp-content\/uploads\/2022\/07\/site-militares-vao-pressionar-tse-e-suposta-fragilidade-das-urnas-exercito-urnas-divulgacao-comando-militar-sul-e1657277589128-260x135.jpg\" alt=\"\" width=\"260\" height=\"135\" srcset=\"https:\/\/mspontocom.com.br\/site\/wp-content\/uploads\/2022\/07\/site-militares-vao-pressionar-tse-e-suposta-fragilidade-das-urnas-exercito-urnas-divulgacao-comando-militar-sul-e1657277589128-260x135.jpg 260w, https:\/\/mspontocom.com.br\/site\/wp-content\/uploads\/2022\/07\/site-militares-vao-pressionar-tse-e-suposta-fragilidade-das-urnas-exercito-urnas-divulgacao-comando-militar-sul-e1657277589128.jpg 592w\" sizes=\"(max-width: 260px) 100vw, 260px\" \/><\/p>\n<p style=\"text-align: justify;\">As For\u00e7as Armadas v\u00e3o pressionar novamente a Justi\u00e7a Eleitoral.<\/p>\n<p style=\"text-align: justify;\">O Minist\u00e9rio da Defesa planeja remeter novo of\u00edcio cobrando respostas do <strong>Tribunal Superior Eleitoral <\/strong>(TSE) a tr\u00eas questionamentos sobre a seguran\u00e7a do sistema de vota\u00e7\u00e3o.<\/p>\n<p style=\"text-align: justify;\">A a\u00e7\u00e3o corrobora o que prega o comit\u00ea de reelei\u00e7\u00e3o do presidente\u00a0 <strong>Jair Bolsonaro.<\/strong><\/p>\n<p style=\"text-align: justify;\">As For\u00e7as Armadas querem insistir, principalmente, numa reuni\u00e3o espec\u00edfica entre militares do Comando de Defesa Cibern\u00e9tica e t\u00e9cnicos civis da Justi\u00e7a Eleitoral.<\/p>\n<p style=\"text-align: justify;\">O objetivo, segundo generais, seria discutir alguns crit\u00e9rios adotados pela Corte e a amplia\u00e7\u00e3o dos testes p\u00fablicos de seguran\u00e7a.<\/p>\n<p style=\"text-align: justify;\"><strong>\u201cN\u00e3o h\u00e1 sistema que n\u00e3o mere\u00e7a aperfei\u00e7oamento\u201d,<\/strong> disse o ministro da Defesa, general Paulo Sergio Nogueira de Oliveira.<\/p>\n<p style=\"text-align: justify;\">Segundo o general, as For\u00e7as Armadas<strong> \u201cestavam quietinhas no seu canto<\/strong>\u201d e foram convidadas a participar pela Corte, para garantir um processo transparente, seguro e com melhores condi\u00e7\u00f5es de auditoria.<\/p>\n<p style=\"text-align: justify;\">\u201cTenho tentado em v\u00e1rias oportunidades, para que possamos sentar \u00e0 mesa, conversar, conhecer melhor. N\u00e3o tenho tido \u00eaxito\u201d, queixou-se o general.<\/p>\n<p style=\"text-align: justify;\">Tamb\u00e9m durante a live da quinta-feira, Bolsonaro disse que seus apoiadores \u201cj\u00e1 sabem o que fazer\u201d, porque, segundo ele, o TSE vai desconsiderar eventual auditoria da Defesa.<\/p>\n<p style=\"text-align: justify;\">\u201cO senhor Fachin declarou que auditoria n\u00e3o serve para mudar resultado das elei\u00e7\u00f5es. Ou seja, auditoria para qu\u00ea? Se o Comando de Defesa Cibern\u00e9tica detectar fraude n\u00e3o vai valer de nada esse trabalho&#8221;. declarou o presidente.<\/p>\n<p style=\"text-align: justify;\">\n<p style=\"text-align: justify;\">fonte; O Estado<\/p>\n","protected":false},"excerpt":{"rendered":"<p>As For\u00e7as Armadas v\u00e3o pressionar novamente a Justi\u00e7a Eleitoral. O Minist\u00e9rio da Defesa planeja remeter novo of\u00edcio cobrando respostas do Tribunal Superior Eleitoral (TSE) a tr\u00eas questionamentos sobre a seguran\u00e7a do sistema de vota\u00e7\u00e3o. A a\u00e7\u00e3o corrobora o que prega o comit\u00ea de reelei\u00e7\u00e3o do presidente\u00a0 Jair Bolsonaro. As For\u00e7as Armadas querem insistir, principalmente, numa [&hellip;]<\/p>\n","protected":false},"author":2,"featured_media":172381,"comment_status":"open","ping_status":"open","sticky":false,"template":"","format":"standard","meta":{"_monsterinsights_skip_tracking":false,"_monsterinsights_sitenote_active":false,"_monsterinsights_sitenote_note":"","_monsterinsights_sitenote_category":0},"categories":[30260,30259,12],"tags":[38155,25419,4378,27777],"aioseo_notices":[],"_links":{"self":[{"href":"https:\/\/mspontocom.com.br\/site\/wp-json\/wp\/v2\/posts\/172372"}],"collection":[{"href":"https:\/\/mspontocom.com.br\/site\/wp-json\/wp\/v2\/posts"}],"about":[{"href":"https:\/\/mspontocom.com.br\/site\/wp-json\/wp\/v2\/types\/post"}],"author":[{"embeddable":true,"href":"https:\/\/mspontocom.com.br\/site\/wp-json\/wp\/v2\/users\/2"}],"replies":[{"embeddable":true,"href":"https:\/\/mspontocom.com.br\/site\/wp-json\/wp\/v2\/comments?post=172372"}],"version-history":[{"count":2,"href":"https:\/\/mspontocom.com.br\/site\/wp-json\/wp\/v2\/posts\/172372\/revisions"}],"predecessor-version":[{"id":172382,"href":"https:\/\/mspontocom.com.br\/site\/wp-json\/wp\/v2\/posts\/172372\/revisions\/172382"}],"wp:featuredmedia":[{"embeddable":true,"href":"https:\/\/mspontocom.com.br\/site\/wp-json\/wp\/v2\/media\/172381"}],"wp:attachment":[{"href":"https:\/\/mspontocom.com.br\/site\/wp-json\/wp\/v2\/media?parent=172372"}],"wp:term":[{"taxonomy":"category","embeddable":true,"href":"https:\/\/mspontocom.com.br\/site\/wp-json\/wp\/v2\/categories?post=172372"},{"taxonomy":"post_tag","embeddable":true,"href":"https:\/\/mspontocom.com.br\/site\/wp-json\/wp\/v2\/tags?post=172372"}],"curies":[{"name":"wp","href":"https:\/\/api.w.org\/{rel}","templated":true}]}}