{"id":172374,"date":"2022-07-08T07:38:36","date_gmt":"2022-07-08T11:38:36","guid":{"rendered":"https:\/\/mspontocom.com.br\/site\/?p=172374"},"modified":"2022-07-08T07:38:36","modified_gmt":"2022-07-08T11:38:36","slug":"globo-e-condenada-a-indenizar-assessor-de-bia-kicis","status":"publish","type":"post","link":"https:\/\/mspontocom.com.br\/site\/globo-e-condenada-a-indenizar-assessor-de-bia-kicis\/","title":{"rendered":"Globo \u00e9 condenada a indenizar assessor de Bia Kicis"},"content":{"rendered":"<p style=\"text-align: justify;\"><img loading=\"lazy\" class=\"alignnone size-medium wp-image-172391\" src=\"https:\/\/mspontocom.com.br\/site\/wp-content\/uploads\/2022\/07\/site-globo-e-condenada-a-indenizar-assessor-de-bia-kicis-globo1-260x195.jpg\" alt=\"\" width=\"260\" height=\"195\" srcset=\"https:\/\/mspontocom.com.br\/site\/wp-content\/uploads\/2022\/07\/site-globo-e-condenada-a-indenizar-assessor-de-bia-kicis-globo1-260x195.jpg 260w, https:\/\/mspontocom.com.br\/site\/wp-content\/uploads\/2022\/07\/site-globo-e-condenada-a-indenizar-assessor-de-bia-kicis-globo1.jpg 480w\" sizes=\"(max-width: 260px) 100vw, 260px\" \/><\/p>\n<p style=\"text-align: justify;\">A<strong> Globo<\/strong> foi condenada a indenizar o assessor da deputada federal <strong>Bia Kicis<\/strong>, Evandro Ara\u00fajo, em R$ 40 mil, por associ\u00e1-lo ao grupo racista norte-americano Ku Klux Klan.<\/p>\n<p style=\"text-align: justify;\">A decis\u00e3o, em segunda inst\u00e2ncia, foi tomada pelo Tribunal de Justi\u00e7a do Distrito Federal (TJDFT).<\/p>\n<p style=\"text-align: justify;\">\u201cHouve abuso da liberdade de imprensa por parte da corpora\u00e7\u00e3o\u201d, afirmou a decis\u00e3o da Justi\u00e7a, que condenou a emissora por dano moral.<\/p>\n<p style=\"text-align: justify;\">O <strong>Jornal Nacional<\/strong> afirmou que Ara\u00fajo estava associado ao ato dos \u201c300 do Brasil\u201d, acampamento liderado pela militante Sara Winter em junho de 2020, que lan\u00e7ou fogos de artif\u00edcio contra o pr\u00e9dio do Supremo Tribunal Federal (STF).<\/p>\n","protected":false},"excerpt":{"rendered":"<p>A Globo foi condenada a indenizar o assessor da deputada federal Bia Kicis, Evandro Ara\u00fajo, em R$ 40 mil, por associ\u00e1-lo ao grupo racista norte-americano Ku Klux Klan. A decis\u00e3o, em segunda inst\u00e2ncia, foi tomada pelo Tribunal de Justi\u00e7a do Distrito Federal (TJDFT). \u201cHouve abuso da liberdade de imprensa por parte da corpora\u00e7\u00e3o\u201d, afirmou a [&hellip;]<\/p>\n","protected":false},"author":2,"featured_media":172391,"comment_status":"open","ping_status":"open","sticky":false,"template":"","format":"standard","meta":{"_monsterinsights_skip_tracking":false,"_monsterinsights_sitenote_active":false,"_monsterinsights_sitenote_note":"","_monsterinsights_sitenote_category":0},"categories":[6],"tags":[38158,26113,501,1220],"aioseo_notices":[],"_links":{"self":[{"href":"https:\/\/mspontocom.com.br\/site\/wp-json\/wp\/v2\/posts\/172374"}],"collection":[{"href":"https:\/\/mspontocom.com.br\/site\/wp-json\/wp\/v2\/posts"}],"about":[{"href":"https:\/\/mspontocom.com.br\/site\/wp-json\/wp\/v2\/types\/post"}],"author":[{"embeddable":true,"href":"https:\/\/mspontocom.com.br\/site\/wp-json\/wp\/v2\/users\/2"}],"replies":[{"embeddable":true,"href":"https:\/\/mspontocom.com.br\/site\/wp-json\/wp\/v2\/comments?post=172374"}],"version-history":[{"count":2,"href":"https:\/\/mspontocom.com.br\/site\/wp-json\/wp\/v2\/posts\/172374\/revisions"}],"predecessor-version":[{"id":172392,"href":"https:\/\/mspontocom.com.br\/site\/wp-json\/wp\/v2\/posts\/172374\/revisions\/172392"}],"wp:featuredmedia":[{"embeddable":true,"href":"https:\/\/mspontocom.com.br\/site\/wp-json\/wp\/v2\/media\/172391"}],"wp:attachment":[{"href":"https:\/\/mspontocom.com.br\/site\/wp-json\/wp\/v2\/media?parent=172374"}],"wp:term":[{"taxonomy":"category","embeddable":true,"href":"https:\/\/mspontocom.com.br\/site\/wp-json\/wp\/v2\/categories?post=172374"},{"taxonomy":"post_tag","embeddable":true,"href":"https:\/\/mspontocom.com.br\/site\/wp-json\/wp\/v2\/tags?post=172374"}],"curies":[{"name":"wp","href":"https:\/\/api.w.org\/{rel}","templated":true}]}}