{"id":172393,"date":"2022-07-09T05:20:51","date_gmt":"2022-07-09T09:20:51","guid":{"rendered":"https:\/\/mspontocom.com.br\/site\/?p=172393"},"modified":"2022-07-09T05:20:51","modified_gmt":"2022-07-09T09:20:51","slug":"bolsonaro-diz-que-fachin-ja-sabe-o-resultado-das-eleicoes","status":"publish","type":"post","link":"https:\/\/mspontocom.com.br\/site\/bolsonaro-diz-que-fachin-ja-sabe-o-resultado-das-eleicoes\/","title":{"rendered":"Bolsonaro diz que Fachin \u2018j\u00e1 sabe\u2019 o resultado das elei\u00e7\u00f5es"},"content":{"rendered":"<p style=\"text-align: justify;\"><img loading=\"lazy\" class=\"alignnone size-medium wp-image-172403\" src=\"https:\/\/mspontocom.com.br\/site\/wp-content\/uploads\/2022\/07\/site-bolsonaro-diz-que-fachin-ja-sabe-o-resultado-das-eleicoes-fachin1-260x125.jpg\" alt=\"\" width=\"260\" height=\"125\" srcset=\"https:\/\/mspontocom.com.br\/site\/wp-content\/uploads\/2022\/07\/site-bolsonaro-diz-que-fachin-ja-sabe-o-resultado-das-eleicoes-fachin1-260x125.jpg 260w, https:\/\/mspontocom.com.br\/site\/wp-content\/uploads\/2022\/07\/site-bolsonaro-diz-que-fachin-ja-sabe-o-resultado-das-eleicoes-fachin1-1024x492.jpg 1024w, https:\/\/mspontocom.com.br\/site\/wp-content\/uploads\/2022\/07\/site-bolsonaro-diz-que-fachin-ja-sabe-o-resultado-das-eleicoes-fachin1-768x369.jpg 768w, https:\/\/mspontocom.com.br\/site\/wp-content\/uploads\/2022\/07\/site-bolsonaro-diz-que-fachin-ja-sabe-o-resultado-das-eleicoes-fachin1.jpg 1250w\" sizes=\"(max-width: 260px) 100vw, 260px\" \/><\/p>\n<p style=\"text-align: justify;\">O presidente <strong>Jair Bolsonaro<\/strong> voltou a criticar ministros do TSE\u00a0e a lan\u00e7ar d\u00favidas sobre o resultado das elei\u00e7\u00f5es de outubro.<\/p>\n<p style=\"text-align: justify;\">Segundo o chefe do Executivo, \u00e9 \u201cesquisito\u201d que o presidente da Corte eleitoral, Edson Fachin, <strong>\u201cj\u00e1 saiba\u201d<\/strong> o resultado do pleito.<\/p>\n<p style=\"text-align: justify;\">Isso porque o magistrado afirmou, em evento nos Estados Unidos, que o pa\u00eds pode ter uma vers\u00e3o da invas\u00e3o do Capit\u00f3lio<\/p>\n<p style=\"text-align: justify;\">Ao comentar o assunto, Bolsonaro insinuou que Fachin teria cravado a vit\u00f3ria do ex-presidente Lula, seu principal advers\u00e1rio.<\/p>\n<p style=\"text-align: justify;\">\u201cSe ele fala isso, \u00e9 porque ele tem a certeza de que o candidato dele, que ele tirou da cadeia, vai ganhar. Como ele pode ter essa certeza? N\u00e3o vou entrar em detalhes o que eu penso, mas lamento\u00a0<em>(Fachin)\u00a0<\/em>agir dessa maneira\u201d, afirmou.<\/p>\n","protected":false},"excerpt":{"rendered":"<p>O presidente Jair Bolsonaro voltou a criticar ministros do TSE\u00a0e a lan\u00e7ar d\u00favidas sobre o resultado das elei\u00e7\u00f5es de outubro. Segundo o chefe do Executivo, \u00e9 \u201cesquisito\u201d que o presidente da Corte eleitoral, Edson Fachin, \u201cj\u00e1 saiba\u201d o resultado do pleito. Isso porque o magistrado afirmou, em evento nos Estados Unidos, que o pa\u00eds pode [&hellip;]<\/p>\n","protected":false},"author":2,"featured_media":172403,"comment_status":"open","ping_status":"open","sticky":false,"template":"","format":"standard","meta":{"_monsterinsights_skip_tracking":false,"_monsterinsights_sitenote_active":false,"_monsterinsights_sitenote_note":"","_monsterinsights_sitenote_category":0},"categories":[30260,30259,12],"tags":[21017,1887,21908,22277,4378,27777],"aioseo_notices":[],"_links":{"self":[{"href":"https:\/\/mspontocom.com.br\/site\/wp-json\/wp\/v2\/posts\/172393"}],"collection":[{"href":"https:\/\/mspontocom.com.br\/site\/wp-json\/wp\/v2\/posts"}],"about":[{"href":"https:\/\/mspontocom.com.br\/site\/wp-json\/wp\/v2\/types\/post"}],"author":[{"embeddable":true,"href":"https:\/\/mspontocom.com.br\/site\/wp-json\/wp\/v2\/users\/2"}],"replies":[{"embeddable":true,"href":"https:\/\/mspontocom.com.br\/site\/wp-json\/wp\/v2\/comments?post=172393"}],"version-history":[{"count":2,"href":"https:\/\/mspontocom.com.br\/site\/wp-json\/wp\/v2\/posts\/172393\/revisions"}],"predecessor-version":[{"id":172404,"href":"https:\/\/mspontocom.com.br\/site\/wp-json\/wp\/v2\/posts\/172393\/revisions\/172404"}],"wp:featuredmedia":[{"embeddable":true,"href":"https:\/\/mspontocom.com.br\/site\/wp-json\/wp\/v2\/media\/172403"}],"wp:attachment":[{"href":"https:\/\/mspontocom.com.br\/site\/wp-json\/wp\/v2\/media?parent=172393"}],"wp:term":[{"taxonomy":"category","embeddable":true,"href":"https:\/\/mspontocom.com.br\/site\/wp-json\/wp\/v2\/categories?post=172393"},{"taxonomy":"post_tag","embeddable":true,"href":"https:\/\/mspontocom.com.br\/site\/wp-json\/wp\/v2\/tags?post=172393"}],"curies":[{"name":"wp","href":"https:\/\/api.w.org\/{rel}","templated":true}]}}