{"id":172414,"date":"2022-07-10T06:43:30","date_gmt":"2022-07-10T10:43:30","guid":{"rendered":"https:\/\/mspontocom.com.br\/site\/?p=172414"},"modified":"2022-07-10T06:43:30","modified_gmt":"2022-07-10T10:43:30","slug":"militares-estao-prontos-para-defender-a-patria-contra-o-obscurantismo-diz-bolsonaro","status":"publish","type":"post","link":"https:\/\/mspontocom.com.br\/site\/militares-estao-prontos-para-defender-a-patria-contra-o-obscurantismo-diz-bolsonaro\/","title":{"rendered":"\u2018Militares est\u00e3o prontos para defender a p\u00e1tria contra o obscurantismo\u2019, diz Bolsonaro"},"content":{"rendered":"<p style=\"text-align: justify;\"><img loading=\"lazy\" class=\"alignnone size-medium wp-image-172420\" src=\"https:\/\/mspontocom.com.br\/site\/wp-content\/uploads\/2022\/07\/site-militares-estao-prontos-para-defender-a-patria-contra-o-obscurantismo-diz-bolsonaro-militar-e1657449749645-260x149.jpg\" alt=\"\" width=\"260\" height=\"149\" srcset=\"https:\/\/mspontocom.com.br\/site\/wp-content\/uploads\/2022\/07\/site-militares-estao-prontos-para-defender-a-patria-contra-o-obscurantismo-diz-bolsonaro-militar-e1657449749645-260x149.jpg 260w, https:\/\/mspontocom.com.br\/site\/wp-content\/uploads\/2022\/07\/site-militares-estao-prontos-para-defender-a-patria-contra-o-obscurantismo-diz-bolsonaro-militar-e1657449749645-1024x585.jpg 1024w, https:\/\/mspontocom.com.br\/site\/wp-content\/uploads\/2022\/07\/site-militares-estao-prontos-para-defender-a-patria-contra-o-obscurantismo-diz-bolsonaro-militar-e1657449749645-768x439.jpg 768w, https:\/\/mspontocom.com.br\/site\/wp-content\/uploads\/2022\/07\/site-militares-estao-prontos-para-defender-a-patria-contra-o-obscurantismo-diz-bolsonaro-militar-e1657449749645.jpg 1155w\" sizes=\"(max-width: 260px) 100vw, 260px\" \/><\/p>\n<p style=\"text-align: justify;\">O presidente da Rep\u00fablica <strong>Jair Bolsonaro<\/strong>\u00a0afirmou que est\u00e1 pronto para defender e lutar pela p\u00e1tria contra aqueles que queiram levar o pa\u00eds ao<strong> obscurantismo. <\/strong><\/p>\n<p style=\"text-align: justify;\">A declara\u00e7\u00e3o do presidente foi dada durante uma cerim\u00f4nia de formatura de mais de 800 militares da <strong>Marinha e do Ex\u00e9rcito<\/strong>, que se tornar\u00e3o paraquedistas.<\/p>\n<p style=\"text-align: justify;\">\u201cEstamos prontos para defender nossa p\u00e1tria para aqueles que queiram nos arrastar para o obscurantismo\u201d, disse Bolsonaro.<\/p>\n<p style=\"text-align: justify;\">Ele tamb\u00e9m enalteceu o papel hist\u00f3rico da categoria.<\/p>\n<p style=\"text-align: justify;\">\u201cA brigada paraquedista, em momentos dif\u00edceis da mesma, sempre se fez presente, lutando contra aqueles que queriam roubar nossa liberdade. Muitos aqui, paraquedistas, num passado recente, deram o sangue e suas vidas pela nossa democracia e pela nossa liberdade. Voc\u00eas s\u00e3o os guardi\u00f5es da nossa Constitui\u00e7\u00e3o. Voc\u00eas sabem qual o rumo que o Brasil deve se dirigir para o bem de todos n\u00f3s\u201d, concluiu.<\/p>\n","protected":false},"excerpt":{"rendered":"<p>O presidente da Rep\u00fablica Jair Bolsonaro\u00a0afirmou que est\u00e1 pronto para defender e lutar pela p\u00e1tria contra aqueles que queiram levar o pa\u00eds ao obscurantismo. A declara\u00e7\u00e3o do presidente foi dada durante uma cerim\u00f4nia de formatura de mais de 800 militares da Marinha e do Ex\u00e9rcito, que se tornar\u00e3o paraquedistas. \u201cEstamos prontos para defender nossa p\u00e1tria [&hellip;]<\/p>\n","protected":false},"author":2,"featured_media":172420,"comment_status":"open","ping_status":"open","sticky":false,"template":"","format":"standard","meta":{"_monsterinsights_skip_tracking":false,"_monsterinsights_sitenote_active":false,"_monsterinsights_sitenote_note":"","_monsterinsights_sitenote_category":0},"categories":[6,30260,30259],"tags":[21017,21772,25419,38162],"aioseo_notices":[],"_links":{"self":[{"href":"https:\/\/mspontocom.com.br\/site\/wp-json\/wp\/v2\/posts\/172414"}],"collection":[{"href":"https:\/\/mspontocom.com.br\/site\/wp-json\/wp\/v2\/posts"}],"about":[{"href":"https:\/\/mspontocom.com.br\/site\/wp-json\/wp\/v2\/types\/post"}],"author":[{"embeddable":true,"href":"https:\/\/mspontocom.com.br\/site\/wp-json\/wp\/v2\/users\/2"}],"replies":[{"embeddable":true,"href":"https:\/\/mspontocom.com.br\/site\/wp-json\/wp\/v2\/comments?post=172414"}],"version-history":[{"count":2,"href":"https:\/\/mspontocom.com.br\/site\/wp-json\/wp\/v2\/posts\/172414\/revisions"}],"predecessor-version":[{"id":172421,"href":"https:\/\/mspontocom.com.br\/site\/wp-json\/wp\/v2\/posts\/172414\/revisions\/172421"}],"wp:featuredmedia":[{"embeddable":true,"href":"https:\/\/mspontocom.com.br\/site\/wp-json\/wp\/v2\/media\/172420"}],"wp:attachment":[{"href":"https:\/\/mspontocom.com.br\/site\/wp-json\/wp\/v2\/media?parent=172414"}],"wp:term":[{"taxonomy":"category","embeddable":true,"href":"https:\/\/mspontocom.com.br\/site\/wp-json\/wp\/v2\/categories?post=172414"},{"taxonomy":"post_tag","embeddable":true,"href":"https:\/\/mspontocom.com.br\/site\/wp-json\/wp\/v2\/tags?post=172414"}],"curies":[{"name":"wp","href":"https:\/\/api.w.org\/{rel}","templated":true}]}}