{"id":172416,"date":"2022-07-10T06:39:08","date_gmt":"2022-07-10T10:39:08","guid":{"rendered":"https:\/\/mspontocom.com.br\/site\/?p=172416"},"modified":"2022-07-10T06:39:08","modified_gmt":"2022-07-10T10:39:08","slug":"senado-convoca-moraes-e-militares-para-debate-sobre-eleicoes","status":"publish","type":"post","link":"https:\/\/mspontocom.com.br\/site\/senado-convoca-moraes-e-militares-para-debate-sobre-eleicoes\/","title":{"rendered":"Senado convoca Moraes e militares para debate sobre elei\u00e7\u00f5es"},"content":{"rendered":"<p style=\"text-align: justify;\"><img loading=\"lazy\" class=\"alignnone size-medium wp-image-172418\" src=\"https:\/\/mspontocom.com.br\/site\/wp-content\/uploads\/2022\/07\/site-senado-convoca-moraes-e-militares-para-debate-sobre-eleicoes-alexandre-de-moraes-e1657449451382-260x171.jpg\" alt=\"\" width=\"260\" height=\"171\" srcset=\"https:\/\/mspontocom.com.br\/site\/wp-content\/uploads\/2022\/07\/site-senado-convoca-moraes-e-militares-para-debate-sobre-eleicoes-alexandre-de-moraes-e1657449451382-260x171.jpg 260w, https:\/\/mspontocom.com.br\/site\/wp-content\/uploads\/2022\/07\/site-senado-convoca-moraes-e-militares-para-debate-sobre-eleicoes-alexandre-de-moraes-e1657449451382.jpg 733w\" sizes=\"(max-width: 260px) 100vw, 260px\" \/><\/p>\n<p style=\"text-align: justify;\">Depois da aus\u00eancia em audi\u00eancia no Senado sobre ativismo judicial<b>,<\/b><strong>\u00a0Alexandre de Moraes<\/strong> recebeu mais um convite para debate na Casa.<\/p>\n<p style=\"text-align: justify;\">O ministro \u00e9 esperado para discutir junto a senadores quest\u00f5es sobre a<strong> transpar\u00eancia das elei\u00e7\u00f5es. <\/strong><\/p>\n<p style=\"text-align: justify;\">A sess\u00e3o est\u00e1 marcada para 14 de julho, na Comiss\u00e3o de Fiscaliza\u00e7\u00e3o e Controle.<\/p>\n<p style=\"text-align: justify;\">Moraes foi convidado na condi\u00e7\u00e3o de futuro presidente da Corte, a partir de 16 de agosto.<\/p>\n<p style=\"text-align: justify;\">Tamb\u00e9m est\u00e3o convidados para o debate no Senado o general Paulo S\u00e9rgio Nogueira, <strong>ministro da Defesa<\/strong>, al\u00e9m de integrantes da Pol\u00edcia Federal e da ONG Transpar\u00eancia Internacional.<\/p>\n<p style=\"text-align: justify;\">O autor dos convites \u00e9 o senador<strong> Eduardo Gir\u00e3o<\/strong> (Podemos-CE), que tamb\u00e9m havia convocado a audi\u00eancia p\u00fablica sobre ativismo judicial.<\/p>\n","protected":false},"excerpt":{"rendered":"<p>Depois da aus\u00eancia em audi\u00eancia no Senado sobre ativismo judicial,\u00a0Alexandre de Moraes recebeu mais um convite para debate na Casa. O ministro \u00e9 esperado para discutir junto a senadores quest\u00f5es sobre a transpar\u00eancia das elei\u00e7\u00f5es. A sess\u00e3o est\u00e1 marcada para 14 de julho, na Comiss\u00e3o de Fiscaliza\u00e7\u00e3o e Controle. Moraes foi convidado na condi\u00e7\u00e3o de [&hellip;]<\/p>\n","protected":false},"author":2,"featured_media":172418,"comment_status":"open","ping_status":"open","sticky":false,"template":"","format":"standard","meta":{"_monsterinsights_skip_tracking":false,"_monsterinsights_sitenote_active":false,"_monsterinsights_sitenote_note":"","_monsterinsights_sitenote_category":0},"categories":[6,30260,30259],"tags":[38161,4365,1887,25419,35247,914],"aioseo_notices":[],"_links":{"self":[{"href":"https:\/\/mspontocom.com.br\/site\/wp-json\/wp\/v2\/posts\/172416"}],"collection":[{"href":"https:\/\/mspontocom.com.br\/site\/wp-json\/wp\/v2\/posts"}],"about":[{"href":"https:\/\/mspontocom.com.br\/site\/wp-json\/wp\/v2\/types\/post"}],"author":[{"embeddable":true,"href":"https:\/\/mspontocom.com.br\/site\/wp-json\/wp\/v2\/users\/2"}],"replies":[{"embeddable":true,"href":"https:\/\/mspontocom.com.br\/site\/wp-json\/wp\/v2\/comments?post=172416"}],"version-history":[{"count":2,"href":"https:\/\/mspontocom.com.br\/site\/wp-json\/wp\/v2\/posts\/172416\/revisions"}],"predecessor-version":[{"id":172419,"href":"https:\/\/mspontocom.com.br\/site\/wp-json\/wp\/v2\/posts\/172416\/revisions\/172419"}],"wp:featuredmedia":[{"embeddable":true,"href":"https:\/\/mspontocom.com.br\/site\/wp-json\/wp\/v2\/media\/172418"}],"wp:attachment":[{"href":"https:\/\/mspontocom.com.br\/site\/wp-json\/wp\/v2\/media?parent=172416"}],"wp:term":[{"taxonomy":"category","embeddable":true,"href":"https:\/\/mspontocom.com.br\/site\/wp-json\/wp\/v2\/categories?post=172416"},{"taxonomy":"post_tag","embeddable":true,"href":"https:\/\/mspontocom.com.br\/site\/wp-json\/wp\/v2\/tags?post=172416"}],"curies":[{"name":"wp","href":"https:\/\/api.w.org\/{rel}","templated":true}]}}