{"id":172436,"date":"2022-07-11T15:58:15","date_gmt":"2022-07-11T19:58:15","guid":{"rendered":"https:\/\/mspontocom.com.br\/site\/?p=172436"},"modified":"2022-07-11T15:45:19","modified_gmt":"2022-07-11T19:45:19","slug":"lula-perde-41-pontos-na-media-semanal-das-pesquisas","status":"publish","type":"post","link":"https:\/\/mspontocom.com.br\/site\/lula-perde-41-pontos-na-media-semanal-das-pesquisas\/","title":{"rendered":"Lula perde 4,1 pontos na m\u00e9dia semanal das pesquisas"},"content":{"rendered":"<p style=\"text-align: justify;\"><img loading=\"lazy\" class=\"alignnone size-medium wp-image-172442\" src=\"https:\/\/mspontocom.com.br\/site\/wp-content\/uploads\/2022\/07\/site-lula-perde-41-pontos-na-media-semanal-das-pesquisas-lula-01-e1657536488996-260x145.jpg\" alt=\"\" width=\"260\" height=\"145\" srcset=\"https:\/\/mspontocom.com.br\/site\/wp-content\/uploads\/2022\/07\/site-lula-perde-41-pontos-na-media-semanal-das-pesquisas-lula-01-e1657536488996-260x145.jpg 260w, https:\/\/mspontocom.com.br\/site\/wp-content\/uploads\/2022\/07\/site-lula-perde-41-pontos-na-media-semanal-das-pesquisas-lula-01-e1657536488996-768x427.jpg 768w, https:\/\/mspontocom.com.br\/site\/wp-content\/uploads\/2022\/07\/site-lula-perde-41-pontos-na-media-semanal-das-pesquisas-lula-01-e1657536488996.jpg 981w\" sizes=\"(max-width: 260px) 100vw, 260px\" \/><\/p>\n<p style=\"text-align: justify;\">Ap\u00f3s nove levantamentos eleitorais divulgados na \u00faltima semana, o pr\u00e9-candidato do PT <strong>Lula<\/strong> perdeu mais de quatro pontos na m\u00e9dia ponderada da Potencial Intelig\u00eancia realizada para o\u00a0<em>Di\u00e1rio do Poder.<\/em><\/p>\n<p style=\"text-align: justify;\">A an\u00e1lise \u00e9 a partir dos relat\u00f3rios de 25 institutos com pesquisas devidamente registradas na Justi\u00e7a Eleitoral.<\/p>\n<p style=\"text-align: justify;\"><strong>Dados<\/strong><\/p>\n<p style=\"text-align: justify;\">A an\u00e1lise da Potencial trabalha com base em mais de 37 mil entrevistas realizadas em cerca de mil munic\u00edpios at\u00e9 a \u00faltima sexta (8).<\/p>\n<div id=\"Nota-3\" class=\"entry-block ch-nota Nota-3\" style=\"text-align: justify;\">\n<h3>\u00c9 o terceiro<\/h3>\n<\/div>\n<p style=\"text-align: justify;\">O pr\u00e9-candidato do PDT <strong>Ciro Gomes<\/strong> cresceu e tem 8,5% dos votos, segundo a An\u00e1lise Potencial de Inten\u00e7\u00e3o de Voto (Apiv) da Potencial.<\/p>\n<div id=\"Nota-4\" class=\"entry-block ch-nota Nota-4\" style=\"text-align: justify;\">\n<h3>Quase dobrou<\/h3>\n<\/div>\n<p style=\"text-align: justify;\">O \u201ccandidato\u201d que mais cresceu foram os votos brancos e nulos, que passaram de 4% para 7,1% em apenas uma semana, no Sudeste.<\/p>\n<div id=\"Nota-5\" class=\"entry-block ch-nota Nota-5\" style=\"text-align: justify;\">\n<h3>Por \u00faltimo<\/h3>\n<\/div>\n<p style=\"text-align: justify;\">A rica pr\u00e9-candidatura do MDB de Simone Tebet perdeu 0,3%: foi de 2,1% voltou para 1,8% na m\u00e9dia da \u00faltima semana.<\/p>\n<p style=\"text-align: justify;\">fonte: coluna Claudio Humberto, Di\u00e1rio do Poder<\/p>\n","protected":false},"excerpt":{"rendered":"<p>Ap\u00f3s nove levantamentos eleitorais divulgados na \u00faltima semana, o pr\u00e9-candidato do PT Lula perdeu mais de quatro pontos na m\u00e9dia ponderada da Potencial Intelig\u00eancia realizada para o\u00a0Di\u00e1rio do Poder. A an\u00e1lise \u00e9 a partir dos relat\u00f3rios de 25 institutos com pesquisas devidamente registradas na Justi\u00e7a Eleitoral. Dados A an\u00e1lise da Potencial trabalha com base em [&hellip;]<\/p>\n","protected":false},"author":2,"featured_media":172442,"comment_status":"open","ping_status":"open","sticky":false,"template":"","format":"standard","meta":{"_monsterinsights_skip_tracking":false,"_monsterinsights_sitenote_active":false,"_monsterinsights_sitenote_note":"","_monsterinsights_sitenote_category":0},"categories":[6,30260,30259],"tags":[25157,35385,480,17368],"aioseo_notices":[],"_links":{"self":[{"href":"https:\/\/mspontocom.com.br\/site\/wp-json\/wp\/v2\/posts\/172436"}],"collection":[{"href":"https:\/\/mspontocom.com.br\/site\/wp-json\/wp\/v2\/posts"}],"about":[{"href":"https:\/\/mspontocom.com.br\/site\/wp-json\/wp\/v2\/types\/post"}],"author":[{"embeddable":true,"href":"https:\/\/mspontocom.com.br\/site\/wp-json\/wp\/v2\/users\/2"}],"replies":[{"embeddable":true,"href":"https:\/\/mspontocom.com.br\/site\/wp-json\/wp\/v2\/comments?post=172436"}],"version-history":[{"count":3,"href":"https:\/\/mspontocom.com.br\/site\/wp-json\/wp\/v2\/posts\/172436\/revisions"}],"predecessor-version":[{"id":172459,"href":"https:\/\/mspontocom.com.br\/site\/wp-json\/wp\/v2\/posts\/172436\/revisions\/172459"}],"wp:featuredmedia":[{"embeddable":true,"href":"https:\/\/mspontocom.com.br\/site\/wp-json\/wp\/v2\/media\/172442"}],"wp:attachment":[{"href":"https:\/\/mspontocom.com.br\/site\/wp-json\/wp\/v2\/media?parent=172436"}],"wp:term":[{"taxonomy":"category","embeddable":true,"href":"https:\/\/mspontocom.com.br\/site\/wp-json\/wp\/v2\/categories?post=172436"},{"taxonomy":"post_tag","embeddable":true,"href":"https:\/\/mspontocom.com.br\/site\/wp-json\/wp\/v2\/tags?post=172436"}],"curies":[{"name":"wp","href":"https:\/\/api.w.org\/{rel}","templated":true}]}}