{"id":172469,"date":"2022-07-12T14:19:59","date_gmt":"2022-07-12T18:19:59","guid":{"rendered":"https:\/\/mspontocom.com.br\/site\/?p=172469"},"modified":"2022-07-12T14:02:41","modified_gmt":"2022-07-12T18:02:41","slug":"militares-preparam-programa-proprio-de-fiscalizacao-da-eleicao","status":"publish","type":"post","link":"https:\/\/mspontocom.com.br\/site\/militares-preparam-programa-proprio-de-fiscalizacao-da-eleicao\/","title":{"rendered":"Militares preparam programa pr\u00f3prio de fiscaliza\u00e7\u00e3o da elei\u00e7\u00e3o"},"content":{"rendered":"<p style=\"text-align: justify;\"><img loading=\"lazy\" class=\"alignnone size-medium wp-image-172480\" src=\"https:\/\/mspontocom.com.br\/site\/wp-content\/uploads\/2022\/07\/site-militares-preparam-programa-proprio-de-fiscalizacao-da-eleicao-e-provocam-tse-exercito-urnas-divulgacao-comando-militar-sul-e1657621006231-260x142.jpg\" alt=\"\" width=\"260\" height=\"142\" srcset=\"https:\/\/mspontocom.com.br\/site\/wp-content\/uploads\/2022\/07\/site-militares-preparam-programa-proprio-de-fiscalizacao-da-eleicao-e-provocam-tse-exercito-urnas-divulgacao-comando-militar-sul-e1657621006231-260x142.jpg 260w, https:\/\/mspontocom.com.br\/site\/wp-content\/uploads\/2022\/07\/site-militares-preparam-programa-proprio-de-fiscalizacao-da-eleicao-e-provocam-tse-exercito-urnas-divulgacao-comando-militar-sul-e1657621006231.jpg 589w\" sizes=\"(max-width: 260px) 100vw, 260px\" \/><\/p>\n<p style=\"text-align: justify;\">As <strong>For\u00e7as Armadas<\/strong> preparam um plano de fiscaliza\u00e7\u00e3o paralela para as elei\u00e7\u00f5es deste ano.<\/p>\n<p style=\"text-align: justify;\">Depois de enviar mais de 80 questionamentos ao<strong> Tribunal Superior Eleitoral\u00a0(TSE)<\/strong> sobre o processo eleitoral e alegar que n\u00e3o tem obtido respostas, o <strong>Minist\u00e9rio da Defesa<\/strong> montou uma equipe de oficiais do Ex\u00e9rcito, da Marinha e da Aeron\u00e1utica com a miss\u00e3o espec\u00edfica de elaborar o roteiro in\u00e9dito de atua\u00e7\u00e3o dos militares.<\/p>\n<p style=\"text-align: justify;\">O plano vai al\u00e9m das sugest\u00f5es de seguran\u00e7a das urnas eletr\u00f4nicas encaminhadas ao TSE e coincide com recomenda\u00e7\u00f5es do presidente<strong> Jair Bolsonaro<\/strong> , que pressiona a Corte eleitoral politicamente, lan\u00e7ando suspei\u00e7\u00e3o sobre a confiabilidade do sistema eletr\u00f4nico de vota\u00e7\u00e3o.<\/p>\n<p style=\"text-align: justify;\">O plano de fiscaliza\u00e7\u00e3o das For\u00e7as Armadas ser\u00e1 dividido em oito etapas, seguindo de perto todas as fases do processo eleitoral.<\/p>\n<p style=\"text-align: justify;\">Esses oito momentos passam pela lacra\u00e7\u00e3o das urnas, pelos testes de autenticidade e integridade e pela verifica\u00e7\u00e3o da totaliza\u00e7\u00e3o dos votos, na qual a contagem \u00e9 comparada com os boletins de urna impressos.<\/p>\n<p style=\"text-align: justify;\">Numa dessas etapas, os militares pretendem cobrar da Corte que os equipamentos sejam submetidos a testes.<\/p>\n<p style=\"text-align: justify;\"><strong>O Minist\u00e9rio da Defesa j\u00e1 avisou ao tribunal que ter\u00e1 um plano de fiscaliza\u00e7\u00e3o pr\u00f3pria. <\/strong><\/p>\n<p style=\"text-align: justify;\">S\u00e3o, ao todo, 12 pontos, que v\u00e3o desde documentos relacionados \u00e0s elei\u00e7\u00f5es passadas, de 2014 e 2018 \u2013 como boletins de urna, relat\u00f3rios de equipamentos substitu\u00eddos, comparecimento e absten\u00e7\u00e3o em cada se\u00e7\u00e3o eleitoral \u2013, at\u00e9 detalhes sobre o programa que seleciona, por sorteio, as se\u00e7\u00f5es eleitorais em que urnas eletr\u00f4nicas ser\u00e3o submetidas aos testes de integridade e autenticidade.<\/p>\n<p style=\"text-align: justify;\">Os militares pedem ainda informa\u00e7\u00f5es t\u00e9cnicas sobre o funcionamento do <strong>\u201csistema vota\u201d<\/strong>, o programa que coleta e apura os votos numa mesma se\u00e7\u00e3o eleitoral.<\/p>\n<p style=\"text-align: justify;\">Tamb\u00e9m solicitam dados sobre protocolos com argumento de que apenas querem aumentar a seguran\u00e7a do sistema que conta e totaliza os votos de todo o Pa\u00eds.<\/p>\n<div class=\"intertitle-wrapper\" style=\"text-align: justify;\">\n<div class=\"line-top\"><\/div>\n<\/div>\n<p style=\"text-align: justify;\">\n","protected":false},"excerpt":{"rendered":"<p>As For\u00e7as Armadas preparam um plano de fiscaliza\u00e7\u00e3o paralela para as elei\u00e7\u00f5es deste ano. Depois de enviar mais de 80 questionamentos ao Tribunal Superior Eleitoral\u00a0(TSE) sobre o processo eleitoral e alegar que n\u00e3o tem obtido respostas, o Minist\u00e9rio da Defesa montou uma equipe de oficiais do Ex\u00e9rcito, da Marinha e da Aeron\u00e1utica com a miss\u00e3o [&hellip;]<\/p>\n","protected":false},"author":2,"featured_media":172480,"comment_status":"open","ping_status":"open","sticky":false,"template":"","format":"standard","meta":{"_monsterinsights_skip_tracking":false,"_monsterinsights_sitenote_active":false,"_monsterinsights_sitenote_note":"","_monsterinsights_sitenote_category":0},"categories":[6,30260,30259],"tags":[1887,38172,25419],"aioseo_notices":[],"_links":{"self":[{"href":"https:\/\/mspontocom.com.br\/site\/wp-json\/wp\/v2\/posts\/172469"}],"collection":[{"href":"https:\/\/mspontocom.com.br\/site\/wp-json\/wp\/v2\/posts"}],"about":[{"href":"https:\/\/mspontocom.com.br\/site\/wp-json\/wp\/v2\/types\/post"}],"author":[{"embeddable":true,"href":"https:\/\/mspontocom.com.br\/site\/wp-json\/wp\/v2\/users\/2"}],"replies":[{"embeddable":true,"href":"https:\/\/mspontocom.com.br\/site\/wp-json\/wp\/v2\/comments?post=172469"}],"version-history":[{"count":2,"href":"https:\/\/mspontocom.com.br\/site\/wp-json\/wp\/v2\/posts\/172469\/revisions"}],"predecessor-version":[{"id":172481,"href":"https:\/\/mspontocom.com.br\/site\/wp-json\/wp\/v2\/posts\/172469\/revisions\/172481"}],"wp:featuredmedia":[{"embeddable":true,"href":"https:\/\/mspontocom.com.br\/site\/wp-json\/wp\/v2\/media\/172480"}],"wp:attachment":[{"href":"https:\/\/mspontocom.com.br\/site\/wp-json\/wp\/v2\/media?parent=172469"}],"wp:term":[{"taxonomy":"category","embeddable":true,"href":"https:\/\/mspontocom.com.br\/site\/wp-json\/wp\/v2\/categories?post=172469"},{"taxonomy":"post_tag","embeddable":true,"href":"https:\/\/mspontocom.com.br\/site\/wp-json\/wp\/v2\/tags?post=172469"}],"curies":[{"name":"wp","href":"https:\/\/api.w.org\/{rel}","templated":true}]}}