{"id":172471,"date":"2022-07-12T14:33:43","date_gmt":"2022-07-12T18:33:43","guid":{"rendered":"https:\/\/mspontocom.com.br\/site\/?p=172471"},"modified":"2022-07-12T14:05:14","modified_gmt":"2022-07-12T18:05:14","slug":"defesa-adverte-lula-presidente-vai-ser-ruina-moral-da-nacao","status":"publish","type":"post","link":"https:\/\/mspontocom.com.br\/site\/defesa-adverte-lula-presidente-vai-ser-ruina-moral-da-nacao\/","title":{"rendered":"Defesa adverte: Lula presidente vai ser \u2018ru\u00edna moral da na\u00e7\u00e3o\u2019"},"content":{"rendered":"<p style=\"text-align: justify;\"><img loading=\"lazy\" class=\"alignnone size-medium wp-image-172477\" src=\"https:\/\/mspontocom.com.br\/site\/wp-content\/uploads\/2022\/07\/site-defesa-adverte-lula-presidente-vai-ser-ruina-moral-da-nacao-defesa-e1657620494176-260x173.webp\" alt=\"\" width=\"260\" height=\"173\" srcset=\"https:\/\/mspontocom.com.br\/site\/wp-content\/uploads\/2022\/07\/site-defesa-adverte-lula-presidente-vai-ser-ruina-moral-da-nacao-defesa-e1657620494176-260x173.webp 260w, https:\/\/mspontocom.com.br\/site\/wp-content\/uploads\/2022\/07\/site-defesa-adverte-lula-presidente-vai-ser-ruina-moral-da-nacao-defesa-e1657620494176-1024x683.webp 1024w, https:\/\/mspontocom.com.br\/site\/wp-content\/uploads\/2022\/07\/site-defesa-adverte-lula-presidente-vai-ser-ruina-moral-da-nacao-defesa-e1657620494176-768x512.webp 768w, https:\/\/mspontocom.com.br\/site\/wp-content\/uploads\/2022\/07\/site-defesa-adverte-lula-presidente-vai-ser-ruina-moral-da-nacao-defesa-e1657620494176.webp 1097w\" sizes=\"(max-width: 260px) 100vw, 260px\" \/><\/p>\n<p style=\"text-align: justify;\">O <strong>ministro da Defesa<\/strong>, Paulo S\u00e9rgio Nogueira (foto), compartilhou via <strong>WhatsApp<\/strong> um artigo de autoria do general da reserva Luiz Eduardo Rocha Paiva.<\/p>\n<p style=\"text-align: justify;\">Segundo o texto, a eventual vit\u00f3ria do ex-presidente<strong> Lula<\/strong> neste ano <strong>\u201cser\u00e1 o desastre e a ru\u00edna moral da na\u00e7\u00e3o e de suas institui\u00e7\u00f5es\u201d.<\/strong><\/p>\n<p dir=\"ltr\" style=\"text-align: justify;\">O general Rocha Paiva argumenta: \u201cCaso a na\u00e7\u00e3o eleja Lula em 2022, o Brasil passar\u00e1 um atestado de indig\u00eancia moral, ferindo de morte o seu futuro\u201d.<\/p>\n<p dir=\"ltr\" style=\"text-align: justify;\">Na sequ\u00eancia, Paiva sustenta ser \u201cinjustific\u00e1vel a ades\u00e3o ou a leni\u00eancia de segmentos da sociedade, inclusive de grande parte da m\u00eddia e de empres\u00e1rios, aos des\u00edgnios de um pol\u00edtico inconfi\u00e1vel como Lula\u201d.<\/p>\n<p dir=\"ltr\" style=\"text-align: justify;\">Rocha Paiva \u00e9 ex-comandante da <strong>Escola de Comando e Estado-Maior do Ex\u00e9rcito<\/strong> e diretor de geopol\u00edtica e conflitos do Instituto Sagres, organiza\u00e7\u00e3o composta de militares da reserva.<\/p>\n","protected":false},"excerpt":{"rendered":"<p>O ministro da Defesa, Paulo S\u00e9rgio Nogueira (foto), compartilhou via WhatsApp um artigo de autoria do general da reserva Luiz Eduardo Rocha Paiva. Segundo o texto, a eventual vit\u00f3ria do ex-presidente Lula neste ano \u201cser\u00e1 o desastre e a ru\u00edna moral da na\u00e7\u00e3o e de suas institui\u00e7\u00f5es\u201d. O general Rocha Paiva argumenta: \u201cCaso a na\u00e7\u00e3o [&hellip;]<\/p>\n","protected":false},"author":2,"featured_media":172477,"comment_status":"open","ping_status":"open","sticky":false,"template":"","format":"standard","meta":{"_monsterinsights_skip_tracking":false,"_monsterinsights_sitenote_active":false,"_monsterinsights_sitenote_note":"","_monsterinsights_sitenote_category":0},"categories":[6,30260,30259],"tags":[30831,21772,480,25982,24247,38171,290],"aioseo_notices":[],"_links":{"self":[{"href":"https:\/\/mspontocom.com.br\/site\/wp-json\/wp\/v2\/posts\/172471"}],"collection":[{"href":"https:\/\/mspontocom.com.br\/site\/wp-json\/wp\/v2\/posts"}],"about":[{"href":"https:\/\/mspontocom.com.br\/site\/wp-json\/wp\/v2\/types\/post"}],"author":[{"embeddable":true,"href":"https:\/\/mspontocom.com.br\/site\/wp-json\/wp\/v2\/users\/2"}],"replies":[{"embeddable":true,"href":"https:\/\/mspontocom.com.br\/site\/wp-json\/wp\/v2\/comments?post=172471"}],"version-history":[{"count":3,"href":"https:\/\/mspontocom.com.br\/site\/wp-json\/wp\/v2\/posts\/172471\/revisions"}],"predecessor-version":[{"id":172479,"href":"https:\/\/mspontocom.com.br\/site\/wp-json\/wp\/v2\/posts\/172471\/revisions\/172479"}],"wp:featuredmedia":[{"embeddable":true,"href":"https:\/\/mspontocom.com.br\/site\/wp-json\/wp\/v2\/media\/172477"}],"wp:attachment":[{"href":"https:\/\/mspontocom.com.br\/site\/wp-json\/wp\/v2\/media?parent=172471"}],"wp:term":[{"taxonomy":"category","embeddable":true,"href":"https:\/\/mspontocom.com.br\/site\/wp-json\/wp\/v2\/categories?post=172471"},{"taxonomy":"post_tag","embeddable":true,"href":"https:\/\/mspontocom.com.br\/site\/wp-json\/wp\/v2\/tags?post=172471"}],"curies":[{"name":"wp","href":"https:\/\/api.w.org\/{rel}","templated":true}]}}