{"id":172473,"date":"2022-07-12T06:02:28","date_gmt":"2022-07-12T10:02:28","guid":{"rendered":"https:\/\/mspontocom.com.br\/site\/?p=172473"},"modified":"2022-07-12T06:02:28","modified_gmt":"2022-07-12T10:02:28","slug":"saudado-por-lula-petista-que-espancou-empresario-ainda-nao-foi-julgado","status":"publish","type":"post","link":"https:\/\/mspontocom.com.br\/site\/saudado-por-lula-petista-que-espancou-empresario-ainda-nao-foi-julgado\/","title":{"rendered":"Saudado por Lula, petista que espancou empres\u00e1rio ainda n\u00e3o foi julgado"},"content":{"rendered":"<p style=\"text-align: justify;\"><img loading=\"lazy\" class=\"alignnone size-medium wp-image-172475\" src=\"https:\/\/mspontocom.com.br\/site\/wp-content\/uploads\/2022\/07\/site-saudado-por-lula-petista-que-agrediu-empresario-em-2018-ainda-nao-foi-julgado-lula-raiva-e1657620065213-260x155.jpg\" alt=\"\" width=\"260\" height=\"155\" srcset=\"https:\/\/mspontocom.com.br\/site\/wp-content\/uploads\/2022\/07\/site-saudado-por-lula-petista-que-agrediu-empresario-em-2018-ainda-nao-foi-julgado-lula-raiva-e1657620065213-260x155.jpg 260w, https:\/\/mspontocom.com.br\/site\/wp-content\/uploads\/2022\/07\/site-saudado-por-lula-petista-que-agrediu-empresario-em-2018-ainda-nao-foi-julgado-lula-raiva-e1657620065213-1024x609.jpg 1024w, https:\/\/mspontocom.com.br\/site\/wp-content\/uploads\/2022\/07\/site-saudado-por-lula-petista-que-agrediu-empresario-em-2018-ainda-nao-foi-julgado-lula-raiva-e1657620065213-768x457.jpg 768w, https:\/\/mspontocom.com.br\/site\/wp-content\/uploads\/2022\/07\/site-saudado-por-lula-petista-que-agrediu-empresario-em-2018-ainda-nao-foi-julgado-lula-raiva-e1657620065213.jpg 1058w\" sizes=\"(max-width: 260px) 100vw, 260px\" \/><\/p>\n<p style=\"text-align: justify;\">J\u00e1 se passaram mais de quatro anos, mas at\u00e9 o momento o ex-vereador de Diadema (SP) Manoel Eduardo Marinho, o <strong>Maninho do PT<\/strong>, ainda n\u00e3o foi julgado pela agress\u00e3o ao empres\u00e1rio Carlos Alberto Bettoni, em abril em 2018, em frente ao <strong>Instituto Lula<\/strong>, em S\u00e3o Paulo.<\/p>\n<p style=\"text-align: justify;\">Naquele dia, militantes e sindicalistas petistas protestavam no local contra a ordem de pris\u00e3o do ex-presidente Luiz In\u00e1cio Lula da Silva (PT).<\/p>\n<p style=\"text-align: justify;\">Bettoni se aproximou e, ap\u00f3s uma troca de ofensas com Maninho, foi empurrado em dire\u00e7\u00e3o a um caminh\u00e3o que passava na rua.<\/p>\n<p style=\"text-align: justify;\">O empres\u00e1rio bateu a cabe\u00e7a no para-choque, desmaiou e uma po\u00e7a de sangue formou-se \u00e0 sua volta.<\/p>\n<p style=\"text-align: justify;\">Levado \u00e0s pressas para a UTI, onde ficou v\u00e1rios dias, foi diagnosticado com<strong> traumatismo craniano,<\/strong> que deixou sequelas.<\/p>\n<p style=\"text-align: justify;\">Com dificuldades para falar e se movimentar, passou a ter convuls\u00f5es, quedas e <strong>morreu em 30 de dezembro do ano passado,<\/strong> durante mais uma interna\u00e7\u00e3o, desta vez agravada com uma infec\u00e7\u00e3o por Covid, segundo sua defesa.<\/p>\n<p style=\"text-align: justify;\">A lembran\u00e7a do caso ressurgiu no \u00faltimo s\u00e1bado (9), porque, em Diadema (SP),<strong> Lula<\/strong> saudou \u201co companheiro Maninho por me defender\u201d.<\/p>\n<p style=\"text-align: justify;\"><strong><span style=\"font-size: 14pt;\">Por que Maninho do PT n\u00e3o foi julgado at\u00e9 hoje<\/span><\/strong><\/p>\n<p style=\"text-align: justify;\">\nAt\u00e9 hoje, ele e seu filho, Leandro Marinho, tamb\u00e9m denunciado no caso, n\u00e3o foram julgados. Segundo a defesa de Bettoni, ainda n\u00e3o foi proferida a senten\u00e7a de primeira inst\u00e2ncia que autoriza o julgamento pelo tribunal do j\u00fari, que julga crimes dolosos contra a vida.<\/p>\n<p style=\"text-align: justify;\">O ex-vereador e seu filho foram acusados pelo Minist\u00e9rio P\u00fablico de tentativa de<strong> homic\u00eddio doloso<\/strong> qualificado, ou seja, com inten\u00e7\u00e3o de matar, por motivo f\u00fatil e com emprego de meio insidioso ou cruel.<\/p>\n<p style=\"text-align: justify;\"><span style=\"font-size: 14pt;\"><strong>Maninho foi solto &#8220;de of\u00edcio&#8221; pelo STJ<\/strong><\/span><\/p>\n<p style=\"text-align: justify;\">Maninho e Leandro ficaram presos por sete meses, de maio a dezembro de 2018, e s\u00f3 foram soltos gra\u00e7as a uma decis\u00e3o do <strong>Superior Tribunal de Justi\u00e7a (STJ),<\/strong> em Bras\u00edlia.<\/p>\n<p style=\"text-align: justify;\">Antes disso, por tr\u00eas vezes, a Justi\u00e7a de S\u00e3o Paulo rejeitou a soltura dos dois. Se eles forem condenados pelo j\u00fari, a pena pode variar de 4 a 20 anos de reclus\u00e3o.<\/p>\n<p style=\"text-align: justify;\">fonte: Correio do Povo<\/p>\n","protected":false},"excerpt":{"rendered":"<p>J\u00e1 se passaram mais de quatro anos, mas at\u00e9 o momento o ex-vereador de Diadema (SP) Manoel Eduardo Marinho, o Maninho do PT, ainda n\u00e3o foi julgado pela agress\u00e3o ao empres\u00e1rio Carlos Alberto Bettoni, em abril em 2018, em frente ao Instituto Lula, em S\u00e3o Paulo. Naquele dia, militantes e sindicalistas petistas protestavam no local [&hellip;]<\/p>\n","protected":false},"author":2,"featured_media":172475,"comment_status":"open","ping_status":"open","sticky":false,"template":"","format":"standard","meta":{"_monsterinsights_skip_tracking":false,"_monsterinsights_sitenote_active":false,"_monsterinsights_sitenote_note":"","_monsterinsights_sitenote_category":0},"categories":[6],"tags":[24612,2922,38170,480,12853],"aioseo_notices":[],"_links":{"self":[{"href":"https:\/\/mspontocom.com.br\/site\/wp-json\/wp\/v2\/posts\/172473"}],"collection":[{"href":"https:\/\/mspontocom.com.br\/site\/wp-json\/wp\/v2\/posts"}],"about":[{"href":"https:\/\/mspontocom.com.br\/site\/wp-json\/wp\/v2\/types\/post"}],"author":[{"embeddable":true,"href":"https:\/\/mspontocom.com.br\/site\/wp-json\/wp\/v2\/users\/2"}],"replies":[{"embeddable":true,"href":"https:\/\/mspontocom.com.br\/site\/wp-json\/wp\/v2\/comments?post=172473"}],"version-history":[{"count":2,"href":"https:\/\/mspontocom.com.br\/site\/wp-json\/wp\/v2\/posts\/172473\/revisions"}],"predecessor-version":[{"id":172476,"href":"https:\/\/mspontocom.com.br\/site\/wp-json\/wp\/v2\/posts\/172473\/revisions\/172476"}],"wp:featuredmedia":[{"embeddable":true,"href":"https:\/\/mspontocom.com.br\/site\/wp-json\/wp\/v2\/media\/172475"}],"wp:attachment":[{"href":"https:\/\/mspontocom.com.br\/site\/wp-json\/wp\/v2\/media?parent=172473"}],"wp:term":[{"taxonomy":"category","embeddable":true,"href":"https:\/\/mspontocom.com.br\/site\/wp-json\/wp\/v2\/categories?post=172473"},{"taxonomy":"post_tag","embeddable":true,"href":"https:\/\/mspontocom.com.br\/site\/wp-json\/wp\/v2\/tags?post=172473"}],"curies":[{"name":"wp","href":"https:\/\/api.w.org\/{rel}","templated":true}]}}