{"id":172498,"date":"2022-07-13T06:17:34","date_gmt":"2022-07-13T10:17:34","guid":{"rendered":"https:\/\/mspontocom.com.br\/site\/?p=172498"},"modified":"2022-07-13T06:17:34","modified_gmt":"2022-07-13T10:17:34","slug":"caso-maninho-do-pt-lula-e-denunciado-no-ministerio-publico","status":"publish","type":"post","link":"https:\/\/mspontocom.com.br\/site\/caso-maninho-do-pt-lula-e-denunciado-no-ministerio-publico\/","title":{"rendered":"Caso Maninho do PT:  Lula \u00e9 denunciado no Minist\u00e9rio P\u00fablico"},"content":{"rendered":"<p><img loading=\"lazy\" class=\"size-medium wp-image-172512\" src=\"https:\/\/mspontocom.com.br\/site\/wp-content\/uploads\/2022\/07\/site-caso-maninho-do-pt-lula-e-denunciado-no-ministerio-publico-maninho-e1657707281781-260x158.jpeg\" alt=\"\" width=\"260\" height=\"158\" srcset=\"https:\/\/mspontocom.com.br\/site\/wp-content\/uploads\/2022\/07\/site-caso-maninho-do-pt-lula-e-denunciado-no-ministerio-publico-maninho-e1657707281781-260x158.jpeg 260w, https:\/\/mspontocom.com.br\/site\/wp-content\/uploads\/2022\/07\/site-caso-maninho-do-pt-lula-e-denunciado-no-ministerio-publico-maninho-e1657707281781-768x465.jpeg 768w, https:\/\/mspontocom.com.br\/site\/wp-content\/uploads\/2022\/07\/site-caso-maninho-do-pt-lula-e-denunciado-no-ministerio-publico-maninho-e1657707281781.jpeg 774w\" sizes=\"(max-width: 260px) 100vw, 260px\" \/><\/p>\n<p>O deputado estadual Danilo Balas (PL-SP) protocolou uma representa\u00e7\u00e3o no <strong>Minist\u00e9rio P\u00fablico<\/strong> de S\u00e3o Paulo (MP-SP) contra o ex-presidente <strong>Luiz In\u00e1cio Lula da Silva,<\/strong> que, durante ato de pr\u00e9-campanha realizado no s\u00e1bado 9, em Diadema (SP), elogiou o ex-vereador conhecido como <strong>Maninho do PT<\/strong>, preso por tentativa de homic\u00eddio.<\/p>\n<p>Em 2018, o parlamentar e seu filho, Leandro Eduardo Marinho, empurraram o empres\u00e1rio e apoiador do presidente <strong>Jair Bolsonaro<\/strong>, Carlos Alberto Bettoni contra o para-choque de um caminh\u00e3o.<\/p>\n<p>A v\u00edtima caiu desacordada, com um corte profundo na cabe\u00e7a. Em virtude da pancada, o empres\u00e1rio sofreu traumatismo craniano.<\/p>\n<p>A tentativa de assassinato ocorreu em frente ao <strong>Instituto Lula,<\/strong> no Ipiranga (SP), depois de uma discuss\u00e3o.<\/p>\n<p>&nbsp;<\/p>\n<p>. (Photo by NELSON ALMEIDA \/ AFP)<\/p>\n<div class=\"ad-wrap ad-\">\n<div id=\"div-gam-materia_2\" class=\"jms-ad\" data-slot-id=\"div-gam-materia_2\"><\/div>\n<\/div>\n","protected":false},"excerpt":{"rendered":"<p>O deputado estadual Danilo Balas (PL-SP) protocolou uma representa\u00e7\u00e3o no Minist\u00e9rio P\u00fablico de S\u00e3o Paulo (MP-SP) contra o ex-presidente Luiz In\u00e1cio Lula da Silva, que, durante ato de pr\u00e9-campanha realizado no s\u00e1bado 9, em Diadema (SP), elogiou o ex-vereador conhecido como Maninho do PT, preso por tentativa de homic\u00eddio. Em 2018, o parlamentar e seu [&hellip;]<\/p>\n","protected":false},"author":2,"featured_media":172512,"comment_status":"open","ping_status":"open","sticky":false,"template":"","format":"standard","meta":{"_monsterinsights_skip_tracking":false,"_monsterinsights_sitenote_active":false,"_monsterinsights_sitenote_note":"","_monsterinsights_sitenote_category":0},"categories":[6,30260,30259],"tags":[38179,480,38181,38180],"aioseo_notices":[],"_links":{"self":[{"href":"https:\/\/mspontocom.com.br\/site\/wp-json\/wp\/v2\/posts\/172498"}],"collection":[{"href":"https:\/\/mspontocom.com.br\/site\/wp-json\/wp\/v2\/posts"}],"about":[{"href":"https:\/\/mspontocom.com.br\/site\/wp-json\/wp\/v2\/types\/post"}],"author":[{"embeddable":true,"href":"https:\/\/mspontocom.com.br\/site\/wp-json\/wp\/v2\/users\/2"}],"replies":[{"embeddable":true,"href":"https:\/\/mspontocom.com.br\/site\/wp-json\/wp\/v2\/comments?post=172498"}],"version-history":[{"count":2,"href":"https:\/\/mspontocom.com.br\/site\/wp-json\/wp\/v2\/posts\/172498\/revisions"}],"predecessor-version":[{"id":172513,"href":"https:\/\/mspontocom.com.br\/site\/wp-json\/wp\/v2\/posts\/172498\/revisions\/172513"}],"wp:featuredmedia":[{"embeddable":true,"href":"https:\/\/mspontocom.com.br\/site\/wp-json\/wp\/v2\/media\/172512"}],"wp:attachment":[{"href":"https:\/\/mspontocom.com.br\/site\/wp-json\/wp\/v2\/media?parent=172498"}],"wp:term":[{"taxonomy":"category","embeddable":true,"href":"https:\/\/mspontocom.com.br\/site\/wp-json\/wp\/v2\/categories?post=172498"},{"taxonomy":"post_tag","embeddable":true,"href":"https:\/\/mspontocom.com.br\/site\/wp-json\/wp\/v2\/tags?post=172498"}],"curies":[{"name":"wp","href":"https:\/\/api.w.org\/{rel}","templated":true}]}}