{"id":172500,"date":"2022-07-13T05:43:36","date_gmt":"2022-07-13T09:43:36","guid":{"rendered":"https:\/\/mspontocom.com.br\/site\/?p=172500"},"modified":"2022-07-13T05:43:36","modified_gmt":"2022-07-13T09:43:36","slug":"caso-foi-politizado-pela-grande-midia-diz-bolsonaro-a-familia-de-petista-morto","status":"publish","type":"post","link":"https:\/\/mspontocom.com.br\/site\/caso-foi-politizado-pela-grande-midia-diz-bolsonaro-a-familia-de-petista-morto\/","title":{"rendered":"\u201cCaso foi politizado pela grande m\u00eddia\u201d, diz Bolsonaro a fam\u00edlia de petista morto"},"content":{"rendered":"<p style=\"text-align: justify;\"><img loading=\"lazy\" class=\"alignnone size-medium wp-image-172502\" src=\"https:\/\/mspontocom.com.br\/site\/wp-content\/uploads\/2022\/07\/site-caso-foi-politizado-pela-grande-midia-diz-bolsonaro-a-familia-de-petista-morto-viuva1-260x146.png\" alt=\"\" width=\"260\" height=\"146\" srcset=\"https:\/\/mspontocom.com.br\/site\/wp-content\/uploads\/2022\/07\/site-caso-foi-politizado-pela-grande-midia-diz-bolsonaro-a-familia-de-petista-morto-viuva1-260x146.png 260w, https:\/\/mspontocom.com.br\/site\/wp-content\/uploads\/2022\/07\/site-caso-foi-politizado-pela-grande-midia-diz-bolsonaro-a-familia-de-petista-morto-viuva1-768x432.png 768w, https:\/\/mspontocom.com.br\/site\/wp-content\/uploads\/2022\/07\/site-caso-foi-politizado-pela-grande-midia-diz-bolsonaro-a-familia-de-petista-morto-viuva1.png 848w\" sizes=\"(max-width: 260px) 100vw, 260px\" \/><\/p>\n<p style=\"text-align: justify;\">O presidente Jair Bolsonaro conversou por telefone com irm\u00e3os do guarda municipal Marcelo Aloizio Arruda, petista assassinado a tiros, em Foz do Igua\u00e7u (PR).<\/p>\n<p style=\"text-align: justify;\">Em liga\u00e7\u00e3o intermediada pelo deputado Otoni de Paula (MDB-RJ), o chefe do Executivo afirmou que a \u201cesquerda politizou\u201d o caso.<\/p>\n<p style=\"text-align: justify;\">\u201cA imprensa, obviamente, como toda \u2013quase toda\u2013 \u00e9 de esquerda est\u00e1 quase que botando no meu colo a a\u00e7\u00e3o desse cara [\u2026] A esquerda politizou o neg\u00f3cio\u201d, disse Bolsonaro a irm\u00e3os do petista.<\/p>\n<p style=\"text-align: justify;\">Aos familiares, Bolsonaro afirmou querer receb\u00ea-los em Bras\u00edlia para uma \u201ccoletiva de imprensa\u201d.<\/p>\n<p style=\"text-align: justify;\">O chefe do Executivo afirmou que \u201cnada justifica\u201d a a\u00e7\u00e3o de Jorge Jos\u00e9 da Rocha Guaranho, policial penal federal e autor dos disparos contra Marcelo Arruda.<\/p>\n<p style=\"text-align: justify;\">Bolsonaro afirmou que o caso foi<strong> \u201cpolitizado pela grande m\u00eddia\u201d<\/strong> e repete que n\u00e3o concorda com o comportamento de Guaranho. \u201cGrande parte da imprensa tem seu objetivo tamb\u00e9m de desgastar o meu governo\u201d, declarou.<\/p>\n","protected":false},"excerpt":{"rendered":"<p>O presidente Jair Bolsonaro conversou por telefone com irm\u00e3os do guarda municipal Marcelo Aloizio Arruda, petista assassinado a tiros, em Foz do Igua\u00e7u (PR). Em liga\u00e7\u00e3o intermediada pelo deputado Otoni de Paula (MDB-RJ), o chefe do Executivo afirmou que a \u201cesquerda politizou\u201d o caso. \u201cA imprensa, obviamente, como toda \u2013quase toda\u2013 \u00e9 de esquerda est\u00e1 [&hellip;]<\/p>\n","protected":false},"author":2,"featured_media":172502,"comment_status":"open","ping_status":"open","sticky":false,"template":"","format":"standard","meta":{"_monsterinsights_skip_tracking":false,"_monsterinsights_sitenote_active":false,"_monsterinsights_sitenote_note":"","_monsterinsights_sitenote_category":0},"categories":[6,30260,30259],"tags":[1217,38175,35444,38176],"aioseo_notices":[],"_links":{"self":[{"href":"https:\/\/mspontocom.com.br\/site\/wp-json\/wp\/v2\/posts\/172500"}],"collection":[{"href":"https:\/\/mspontocom.com.br\/site\/wp-json\/wp\/v2\/posts"}],"about":[{"href":"https:\/\/mspontocom.com.br\/site\/wp-json\/wp\/v2\/types\/post"}],"author":[{"embeddable":true,"href":"https:\/\/mspontocom.com.br\/site\/wp-json\/wp\/v2\/users\/2"}],"replies":[{"embeddable":true,"href":"https:\/\/mspontocom.com.br\/site\/wp-json\/wp\/v2\/comments?post=172500"}],"version-history":[{"count":2,"href":"https:\/\/mspontocom.com.br\/site\/wp-json\/wp\/v2\/posts\/172500\/revisions"}],"predecessor-version":[{"id":172503,"href":"https:\/\/mspontocom.com.br\/site\/wp-json\/wp\/v2\/posts\/172500\/revisions\/172503"}],"wp:featuredmedia":[{"embeddable":true,"href":"https:\/\/mspontocom.com.br\/site\/wp-json\/wp\/v2\/media\/172502"}],"wp:attachment":[{"href":"https:\/\/mspontocom.com.br\/site\/wp-json\/wp\/v2\/media?parent=172500"}],"wp:term":[{"taxonomy":"category","embeddable":true,"href":"https:\/\/mspontocom.com.br\/site\/wp-json\/wp\/v2\/categories?post=172500"},{"taxonomy":"post_tag","embeddable":true,"href":"https:\/\/mspontocom.com.br\/site\/wp-json\/wp\/v2\/tags?post=172500"}],"curies":[{"name":"wp","href":"https:\/\/api.w.org\/{rel}","templated":true}]}}