{"id":172509,"date":"2022-07-13T06:03:49","date_gmt":"2022-07-13T10:03:49","guid":{"rendered":"https:\/\/mspontocom.com.br\/site\/?p=172509"},"modified":"2022-07-13T06:03:49","modified_gmt":"2022-07-13T10:03:49","slug":"lula-nao-poderia-ser-candidato-diz-lacombe","status":"publish","type":"post","link":"https:\/\/mspontocom.com.br\/site\/lula-nao-poderia-ser-candidato-diz-lacombe\/","title":{"rendered":"\u2018Lula n\u00e3o poderia ser candidato\u2019, diz Lacombe"},"content":{"rendered":"<p style=\"text-align: justify;\"><img loading=\"lazy\" class=\"alignnone size-medium wp-image-172510\" src=\"https:\/\/mspontocom.com.br\/site\/wp-content\/uploads\/2022\/07\/site-lula-nao-poderia-ser-candidato-diz-lacombe-lacombe-e1657706528398-260x128.jpeg\" alt=\"\" width=\"260\" height=\"128\" srcset=\"https:\/\/mspontocom.com.br\/site\/wp-content\/uploads\/2022\/07\/site-lula-nao-poderia-ser-candidato-diz-lacombe-lacombe-e1657706528398-260x128.jpeg 260w, https:\/\/mspontocom.com.br\/site\/wp-content\/uploads\/2022\/07\/site-lula-nao-poderia-ser-candidato-diz-lacombe-lacombe-e1657706528398-1024x504.jpeg 1024w, https:\/\/mspontocom.com.br\/site\/wp-content\/uploads\/2022\/07\/site-lula-nao-poderia-ser-candidato-diz-lacombe-lacombe-e1657706528398-768x378.jpeg 768w, https:\/\/mspontocom.com.br\/site\/wp-content\/uploads\/2022\/07\/site-lula-nao-poderia-ser-candidato-diz-lacombe-lacombe-e1657706528398.jpeg 1228w\" sizes=\"(max-width: 260px) 100vw, 260px\" \/><\/p>\n<p style=\"text-align: justify;\">De acordo com <strong>Lu\u00eds Ernesto Lacombe<\/strong>, apresentador da RedeTV! e colunista dos jornais\u00a0<em>Gazeta do Povo<\/em>,\u00a0<em>Not\u00edcias do Dia<\/em>\u00a0e\u00a0<em>O Liberal<\/em>, o ex-presidente<strong> Lula<\/strong> (PT) serve apenas como refer\u00eancia negativa.<\/p>\n<p style=\"text-align: justify;\"><strong><a href=\"https:\/\/revistaoeste.com\/revista\/edicao-120\/luis-ernesto-lacombe-ninguem-pode-relativizar-a-liberdade\/\" target=\"_blank\" rel=\"noopener\">A declara\u00e7\u00e3o do jornalista foi proferida durante entrevista concedida \u00e0 Revista Oeste<\/a><\/strong>.<\/p>\n<p style=\"text-align: justify;\">&#8220;Lula s\u00f3 pode servir como refer\u00eancia negativa. Qualquer um comparado a ele, no cen\u00e1rio eleitoral para a Presid\u00eancia da Rep\u00fablica, vai parecer um bom pol\u00edtico: honesto, democr\u00e1tico, competente. <strong>Ele nem poderia ser candidato,<\/strong> se estiv\u00e9ssemos num pa\u00eds s\u00e9rio&#8221;. diz Lacombe.<\/p>\n<p style=\"text-align: justify;\">&#8220;Com todas as barreiras impostas pelo STF, o \u00fanico projeto poss\u00edvel para que consigamos diminuir o tamanho do Estado e vislumbrar, finalmente, um Brasil verdadeiramente liberal, \u00e9 com a reelei\u00e7\u00e3o de Bolsonaro.\u201d, finaliza.<\/p>\n","protected":false},"excerpt":{"rendered":"<p>De acordo com Lu\u00eds Ernesto Lacombe, apresentador da RedeTV! e colunista dos jornais\u00a0Gazeta do Povo,\u00a0Not\u00edcias do Dia\u00a0e\u00a0O Liberal, o ex-presidente Lula (PT) serve apenas como refer\u00eancia negativa. A declara\u00e7\u00e3o do jornalista foi proferida durante entrevista concedida \u00e0 Revista Oeste. &#8220;Lula s\u00f3 pode servir como refer\u00eancia negativa. Qualquer um comparado a ele, no cen\u00e1rio eleitoral para [&hellip;]<\/p>\n","protected":false},"author":2,"featured_media":172510,"comment_status":"open","ping_status":"open","sticky":false,"template":"","format":"standard","meta":{"_monsterinsights_skip_tracking":false,"_monsterinsights_sitenote_active":false,"_monsterinsights_sitenote_note":"","_monsterinsights_sitenote_category":0},"categories":[30260,30259,12],"tags":[38178,38177,480],"aioseo_notices":[],"_links":{"self":[{"href":"https:\/\/mspontocom.com.br\/site\/wp-json\/wp\/v2\/posts\/172509"}],"collection":[{"href":"https:\/\/mspontocom.com.br\/site\/wp-json\/wp\/v2\/posts"}],"about":[{"href":"https:\/\/mspontocom.com.br\/site\/wp-json\/wp\/v2\/types\/post"}],"author":[{"embeddable":true,"href":"https:\/\/mspontocom.com.br\/site\/wp-json\/wp\/v2\/users\/2"}],"replies":[{"embeddable":true,"href":"https:\/\/mspontocom.com.br\/site\/wp-json\/wp\/v2\/comments?post=172509"}],"version-history":[{"count":1,"href":"https:\/\/mspontocom.com.br\/site\/wp-json\/wp\/v2\/posts\/172509\/revisions"}],"predecessor-version":[{"id":172511,"href":"https:\/\/mspontocom.com.br\/site\/wp-json\/wp\/v2\/posts\/172509\/revisions\/172511"}],"wp:featuredmedia":[{"embeddable":true,"href":"https:\/\/mspontocom.com.br\/site\/wp-json\/wp\/v2\/media\/172510"}],"wp:attachment":[{"href":"https:\/\/mspontocom.com.br\/site\/wp-json\/wp\/v2\/media?parent=172509"}],"wp:term":[{"taxonomy":"category","embeddable":true,"href":"https:\/\/mspontocom.com.br\/site\/wp-json\/wp\/v2\/categories?post=172509"},{"taxonomy":"post_tag","embeddable":true,"href":"https:\/\/mspontocom.com.br\/site\/wp-json\/wp\/v2\/tags?post=172509"}],"curies":[{"name":"wp","href":"https:\/\/api.w.org\/{rel}","templated":true}]}}