{"id":172527,"date":"2022-07-14T14:06:59","date_gmt":"2022-07-14T18:06:59","guid":{"rendered":"https:\/\/mspontocom.com.br\/site\/?p=172527"},"modified":"2022-07-14T13:51:37","modified_gmt":"2022-07-14T17:51:37","slug":"bolsonaro-cita-lula-o-pobre-que-fica-em-suite-de-hotel-de-luxo-em-brasilia","status":"publish","type":"post","link":"https:\/\/mspontocom.com.br\/site\/bolsonaro-cita-lula-o-pobre-que-fica-em-suite-de-hotel-de-luxo-em-brasilia\/","title":{"rendered":"Bolsonaro cita Lula, &#8220;o pobre&#8221;, que fica em su\u00edte de hotel de luxo em Bras\u00edlia"},"content":{"rendered":"<p style=\"text-align: justify;\"><img loading=\"lazy\" class=\"alignnone size-medium wp-image-172532\" src=\"https:\/\/mspontocom.com.br\/site\/wp-content\/uploads\/2022\/07\/site-bolsonaro-cita-lula-o-pobre-que-fica-em-suite-de-hotel-de-luxo-em-brasilia-suite-e1657793236896-260x148.jpg\" alt=\"\" width=\"260\" height=\"148\" srcset=\"https:\/\/mspontocom.com.br\/site\/wp-content\/uploads\/2022\/07\/site-bolsonaro-cita-lula-o-pobre-que-fica-em-suite-de-hotel-de-luxo-em-brasilia-suite-e1657793236896-260x148.jpg 260w, https:\/\/mspontocom.com.br\/site\/wp-content\/uploads\/2022\/07\/site-bolsonaro-cita-lula-o-pobre-que-fica-em-suite-de-hotel-de-luxo-em-brasilia-suite-e1657793236896-1024x582.jpg 1024w, https:\/\/mspontocom.com.br\/site\/wp-content\/uploads\/2022\/07\/site-bolsonaro-cita-lula-o-pobre-que-fica-em-suite-de-hotel-de-luxo-em-brasilia-suite-e1657793236896-768x436.jpg 768w, https:\/\/mspontocom.com.br\/site\/wp-content\/uploads\/2022\/07\/site-bolsonaro-cita-lula-o-pobre-que-fica-em-suite-de-hotel-de-luxo-em-brasilia-suite-e1657793236896.jpg 1260w\" sizes=\"(max-width: 260px) 100vw, 260px\" \/><\/p>\n<p style=\"text-align: justify;\">O presidente <strong>Jair Bolsonaro<\/strong> compartilhou v\u00eddeo com imagens do quarto em que est\u00e1 hospedado, no 50\u00b0 Batalh\u00e3o de Infantaria de Selva, em Imperatriz (MA).<\/p>\n<p style=\"text-align: justify;\">Em seu perfil no Twitter, mostrou as instala\u00e7\u00f5es e disse que o custo foi \u201czero\u201d.<\/p>\n<p style=\"text-align: justify;\">Em seus grupos de WhatsApp, Bolsonaro tamb\u00e9m compartilhou uma cr\u00edtica ao ex-presidente <strong>Luiz In\u00e1cio Lula da Silva (PT). <\/strong><\/p>\n<p style=\"text-align: justify;\">Em uma mensagem separada, citou que o petista, durante passagem em Bras\u00edlia nesta semana, se hospedou em um hotel 5 estrelas com su\u00edtes que custam mais de R$ 6.000 a di\u00e1ria.<\/p>\n<p style=\"text-align: justify;\">Lula ficou hospedado no Meli\u00e1 Brasil 21, hotel 5 estrelas.<\/p>\n<p style=\"text-align: justify;\"><strong>As di\u00e1rias das su\u00edtes de luxo custam: <\/strong><\/p>\n<p style=\"text-align: justify;\">suite presidencial the level \u2013 di\u00e1ria a partir de R$ 2.697,45;<\/p>\n<p style=\"text-align: justify;\">the level gran suite \u2013\u00a0 di\u00e1ria a partir de R$ 2.697,45;<\/p>\n<p style=\"text-align: justify;\">the level royal suite \u2013 di\u00e1ria a partir de R$ 6.267,45.<\/p>\n","protected":false},"excerpt":{"rendered":"<p>O presidente Jair Bolsonaro compartilhou v\u00eddeo com imagens do quarto em que est\u00e1 hospedado, no 50\u00b0 Batalh\u00e3o de Infantaria de Selva, em Imperatriz (MA). Em seu perfil no Twitter, mostrou as instala\u00e7\u00f5es e disse que o custo foi \u201czero\u201d. Em seus grupos de WhatsApp, Bolsonaro tamb\u00e9m compartilhou uma cr\u00edtica ao ex-presidente Luiz In\u00e1cio Lula da [&hellip;]<\/p>\n","protected":false},"author":2,"featured_media":172532,"comment_status":"open","ping_status":"open","sticky":false,"template":"","format":"standard","meta":{"_monsterinsights_skip_tracking":false,"_monsterinsights_sitenote_active":false,"_monsterinsights_sitenote_note":"","_monsterinsights_sitenote_category":0},"categories":[6,30260,30259],"tags":[21017,29867,480,38185,38184],"aioseo_notices":[],"_links":{"self":[{"href":"https:\/\/mspontocom.com.br\/site\/wp-json\/wp\/v2\/posts\/172527"}],"collection":[{"href":"https:\/\/mspontocom.com.br\/site\/wp-json\/wp\/v2\/posts"}],"about":[{"href":"https:\/\/mspontocom.com.br\/site\/wp-json\/wp\/v2\/types\/post"}],"author":[{"embeddable":true,"href":"https:\/\/mspontocom.com.br\/site\/wp-json\/wp\/v2\/users\/2"}],"replies":[{"embeddable":true,"href":"https:\/\/mspontocom.com.br\/site\/wp-json\/wp\/v2\/comments?post=172527"}],"version-history":[{"count":2,"href":"https:\/\/mspontocom.com.br\/site\/wp-json\/wp\/v2\/posts\/172527\/revisions"}],"predecessor-version":[{"id":172533,"href":"https:\/\/mspontocom.com.br\/site\/wp-json\/wp\/v2\/posts\/172527\/revisions\/172533"}],"wp:featuredmedia":[{"embeddable":true,"href":"https:\/\/mspontocom.com.br\/site\/wp-json\/wp\/v2\/media\/172532"}],"wp:attachment":[{"href":"https:\/\/mspontocom.com.br\/site\/wp-json\/wp\/v2\/media?parent=172527"}],"wp:term":[{"taxonomy":"category","embeddable":true,"href":"https:\/\/mspontocom.com.br\/site\/wp-json\/wp\/v2\/categories?post=172527"},{"taxonomy":"post_tag","embeddable":true,"href":"https:\/\/mspontocom.com.br\/site\/wp-json\/wp\/v2\/tags?post=172527"}],"curies":[{"name":"wp","href":"https:\/\/api.w.org\/{rel}","templated":true}]}}