{"id":172564,"date":"2022-07-15T15:55:09","date_gmt":"2022-07-15T19:55:09","guid":{"rendered":"https:\/\/mspontocom.com.br\/site\/?p=172564"},"modified":"2022-07-15T15:46:57","modified_gmt":"2022-07-15T19:46:57","slug":"ministro-da-defesa-quer-teste-de-integridade-no-dia-da-eleicao","status":"publish","type":"post","link":"https:\/\/mspontocom.com.br\/site\/ministro-da-defesa-quer-teste-de-integridade-no-dia-da-eleicao\/","title":{"rendered":"Ministro da Defesa quer \u2018teste de integridade\u2019 no dia da elei\u00e7\u00e3o"},"content":{"rendered":"<p style=\"text-align: justify;\"><img loading=\"lazy\" class=\"alignnone size-medium wp-image-172565\" src=\"https:\/\/mspontocom.com.br\/site\/wp-content\/uploads\/2022\/07\/site-ministro-da-defesa-quer-teste-de-integridade-no-dia-da-eleicao-exercito-urnas-divulgacao-comando-militar-sul-e1657881702221-260x128.jpg\" alt=\"\" width=\"260\" height=\"128\" srcset=\"https:\/\/mspontocom.com.br\/site\/wp-content\/uploads\/2022\/07\/site-ministro-da-defesa-quer-teste-de-integridade-no-dia-da-eleicao-exercito-urnas-divulgacao-comando-militar-sul-e1657881702221-260x128.jpg 260w, https:\/\/mspontocom.com.br\/site\/wp-content\/uploads\/2022\/07\/site-ministro-da-defesa-quer-teste-de-integridade-no-dia-da-eleicao-exercito-urnas-divulgacao-comando-militar-sul-e1657881702221.jpg 592w\" sizes=\"(max-width: 260px) 100vw, 260px\" \/><\/p>\n<p style=\"text-align: justify;\">O ministro da Defesa, general <strong>Paulo Sergio Nogueira<\/strong>, participou de uma audi\u00eancia no Senado Federale prop\u00f4s a realiza\u00e7\u00e3o do <strong>teste de integridade das urnas eletr\u00f4nicas<\/strong> nas mesmas condi\u00e7\u00f5es da vota\u00e7\u00e3o, incluindo o uso da biometria.<\/p>\n<p style=\"text-align: justify;\">Na avalia\u00e7\u00e3o do militar, a iniciativa adicional serviria para atestar a confiabilidade dos dispositivos e a transpar\u00eancia do pleito \u2013 o <strong>Tribunal Superior Eleitoral (TSE)<\/strong> j\u00e1 respondeu sobre esta sugest\u00e3o e afirmou que a elei\u00e7\u00e3o n\u00e3o \u00e9 feita com identifica\u00e7\u00e3o biom\u00e9trica de 100% dos eleitores, o que poderia comprometer o processo.<\/p>\n<p style=\"text-align: justify;\">Na mesma audi\u00eancia, o coronel Marcelo Nogueira de Souza, chefe das <strong>For\u00e7as Armadas<\/strong>\u00a0no grupo de Fiscaliza\u00e7\u00e3o do Processo Eleitoral no Senado, explicou como seria a implementa\u00e7\u00e3o da ideia:<\/p>\n<p style=\"text-align: justify;\">\u201cUrnas seriam escolhidas, s\u00f3 que em vez de levar para a sede do Tribunal Regional Eleitoral, essa urna seria colocada em paralelo na se\u00e7\u00e3o eleitoral, onde teria eleitores com biometria. O eleitor faria sua vota\u00e7\u00e3o e seria perguntado se ele gostaria de contribuir para testar a urna. Ao fazer isso, ele geraria um fluxo de registro na urna teste similar \u00e0 urna original e, ap\u00f3s isso, os servidores fariam vota\u00e7\u00e3o em c\u00e9dulas de papel e depois dessa vota\u00e7\u00e3o em c\u00e9dulas ela seria conferida com o boletim de urna\u201d, disse.<\/p>\n","protected":false},"excerpt":{"rendered":"<p>O ministro da Defesa, general Paulo Sergio Nogueira, participou de uma audi\u00eancia no Senado Federale prop\u00f4s a realiza\u00e7\u00e3o do teste de integridade das urnas eletr\u00f4nicas nas mesmas condi\u00e7\u00f5es da vota\u00e7\u00e3o, incluindo o uso da biometria. Na avalia\u00e7\u00e3o do militar, a iniciativa adicional serviria para atestar a confiabilidade dos dispositivos e a transpar\u00eancia do pleito \u2013 [&hellip;]<\/p>\n","protected":false},"author":2,"featured_media":172565,"comment_status":"open","ping_status":"open","sticky":false,"template":"","format":"standard","meta":{"_monsterinsights_skip_tracking":false,"_monsterinsights_sitenote_active":false,"_monsterinsights_sitenote_note":"","_monsterinsights_sitenote_category":0},"categories":[6,30260,30259],"tags":[25002,38189,4000],"aioseo_notices":[],"_links":{"self":[{"href":"https:\/\/mspontocom.com.br\/site\/wp-json\/wp\/v2\/posts\/172564"}],"collection":[{"href":"https:\/\/mspontocom.com.br\/site\/wp-json\/wp\/v2\/posts"}],"about":[{"href":"https:\/\/mspontocom.com.br\/site\/wp-json\/wp\/v2\/types\/post"}],"author":[{"embeddable":true,"href":"https:\/\/mspontocom.com.br\/site\/wp-json\/wp\/v2\/users\/2"}],"replies":[{"embeddable":true,"href":"https:\/\/mspontocom.com.br\/site\/wp-json\/wp\/v2\/comments?post=172564"}],"version-history":[{"count":1,"href":"https:\/\/mspontocom.com.br\/site\/wp-json\/wp\/v2\/posts\/172564\/revisions"}],"predecessor-version":[{"id":172566,"href":"https:\/\/mspontocom.com.br\/site\/wp-json\/wp\/v2\/posts\/172564\/revisions\/172566"}],"wp:featuredmedia":[{"embeddable":true,"href":"https:\/\/mspontocom.com.br\/site\/wp-json\/wp\/v2\/media\/172565"}],"wp:attachment":[{"href":"https:\/\/mspontocom.com.br\/site\/wp-json\/wp\/v2\/media?parent=172564"}],"wp:term":[{"taxonomy":"category","embeddable":true,"href":"https:\/\/mspontocom.com.br\/site\/wp-json\/wp\/v2\/categories?post=172564"},{"taxonomy":"post_tag","embeddable":true,"href":"https:\/\/mspontocom.com.br\/site\/wp-json\/wp\/v2\/tags?post=172564"}],"curies":[{"name":"wp","href":"https:\/\/api.w.org\/{rel}","templated":true}]}}