{"id":172567,"date":"2022-07-15T06:50:02","date_gmt":"2022-07-15T10:50:02","guid":{"rendered":"https:\/\/mspontocom.com.br\/site\/?p=172567"},"modified":"2022-07-15T06:50:02","modified_gmt":"2022-07-15T10:50:02","slug":"juiza-diz-que-bandeira-do-brasil-e-propaganda-eleitoral-e-vai-proibi-la-na-campanha","status":"publish","type":"post","link":"https:\/\/mspontocom.com.br\/site\/juiza-diz-que-bandeira-do-brasil-e-propaganda-eleitoral-e-vai-proibi-la-na-campanha\/","title":{"rendered":"Ju\u00edza diz que bandeira do Brasil \u00e9 propaganda eleitoral e vai proibi-la na campanha"},"content":{"rendered":"<p style=\"text-align: justify;\"><img loading=\"lazy\" class=\"alignnone size-medium wp-image-172568\" src=\"https:\/\/mspontocom.com.br\/site\/wp-content\/uploads\/2022\/07\/site-juiza-diz-que-bandeira-do-brasil-e-propaganda-eleitoral-e-vai-proibi-la-na-campanha-bandeira-e1657882089981-260x124.jpg\" alt=\"\" width=\"260\" height=\"124\" srcset=\"https:\/\/mspontocom.com.br\/site\/wp-content\/uploads\/2022\/07\/site-juiza-diz-que-bandeira-do-brasil-e-propaganda-eleitoral-e-vai-proibi-la-na-campanha-bandeira-e1657882089981-260x124.jpg 260w, https:\/\/mspontocom.com.br\/site\/wp-content\/uploads\/2022\/07\/site-juiza-diz-que-bandeira-do-brasil-e-propaganda-eleitoral-e-vai-proibi-la-na-campanha-bandeira-e1657882089981-1024x487.jpg 1024w, https:\/\/mspontocom.com.br\/site\/wp-content\/uploads\/2022\/07\/site-juiza-diz-que-bandeira-do-brasil-e-propaganda-eleitoral-e-vai-proibi-la-na-campanha-bandeira-e1657882089981-768x365.jpg 768w, https:\/\/mspontocom.com.br\/site\/wp-content\/uploads\/2022\/07\/site-juiza-diz-que-bandeira-do-brasil-e-propaganda-eleitoral-e-vai-proibi-la-na-campanha-bandeira-e1657882089981.jpg 1068w\" sizes=\"(max-width: 260px) 100vw, 260px\" \/><\/p>\n<p style=\"text-align: justify;\">A ju\u00edza <strong>Ana L\u00facia Todeschini Martinez,<\/strong> titular da comarca de Santo Ant\u00f4nio das Miss\u00f5es (RS), <strong>ganhou todos os holofotes<\/strong>\u00a0 ao tentar racionalizar a proibi\u00e7\u00e3o do uso da<strong> bandeira do Brasil<\/strong> durante as elei\u00e7\u00f5es, a partir de 16 de agosto, por considerar seu uso como propaganda eleitoral.<\/p>\n<p style=\"text-align: justify;\">Segundo ela, quem fixar a bandeira em algum lugar como a janela de casa ou do apartamento ser\u00e1 notificado para deixar de expor um dos s\u00edmbolos nacionais.<\/p>\n<p style=\"text-align: justify;\">\u201cSe ela tiver fixada, n\u00f3s vamos pedir para retirar. Se n\u00e3o retirar, a gente vai encaminha para o Minist\u00e9rio P\u00fablico e vai dar aquele problema todo\u201d, amea\u00e7ou.<\/p>\n<div id=\"ddp-ads-AD-51\" style=\"text-align: justify;\" data-google-query-id=\"CLGw-oXb-vgCFQgguQYdCFEPAw\">\n<div id=\"google_ads_iframe_\/21727414016\/AD-51_0__container__\">Em sua justificativa, a magistrada alega que \u201c\u00e9 evidente que hoje a bandeira nacional \u00e9 utilizada por diversas pessoas como sendo um lado da pol\u00edtica\u201d.<\/div>\n<\/div>\n<p style=\"text-align: justify;\">Questionado, o presidente do TRE-RS, desembargador Francisco Jos\u00e9 Moesch, disse que o pleno do tribunal deve se posicionar sobre o tema \u201cnos pr\u00f3ximos dias\u201d.<\/p>\n","protected":false},"excerpt":{"rendered":"<p>A ju\u00edza Ana L\u00facia Todeschini Martinez, titular da comarca de Santo Ant\u00f4nio das Miss\u00f5es (RS), ganhou todos os holofotes\u00a0 ao tentar racionalizar a proibi\u00e7\u00e3o do uso da bandeira do Brasil durante as elei\u00e7\u00f5es, a partir de 16 de agosto, por considerar seu uso como propaganda eleitoral. Segundo ela, quem fixar a bandeira em algum lugar [&hellip;]<\/p>\n","protected":false},"author":2,"featured_media":172568,"comment_status":"open","ping_status":"open","sticky":false,"template":"","format":"standard","meta":{"_monsterinsights_skip_tracking":false,"_monsterinsights_sitenote_active":false,"_monsterinsights_sitenote_note":"","_monsterinsights_sitenote_category":0},"categories":[6,30260,30259],"tags":[38190,1096,1887,3612,36885],"aioseo_notices":[],"_links":{"self":[{"href":"https:\/\/mspontocom.com.br\/site\/wp-json\/wp\/v2\/posts\/172567"}],"collection":[{"href":"https:\/\/mspontocom.com.br\/site\/wp-json\/wp\/v2\/posts"}],"about":[{"href":"https:\/\/mspontocom.com.br\/site\/wp-json\/wp\/v2\/types\/post"}],"author":[{"embeddable":true,"href":"https:\/\/mspontocom.com.br\/site\/wp-json\/wp\/v2\/users\/2"}],"replies":[{"embeddable":true,"href":"https:\/\/mspontocom.com.br\/site\/wp-json\/wp\/v2\/comments?post=172567"}],"version-history":[{"count":1,"href":"https:\/\/mspontocom.com.br\/site\/wp-json\/wp\/v2\/posts\/172567\/revisions"}],"predecessor-version":[{"id":172569,"href":"https:\/\/mspontocom.com.br\/site\/wp-json\/wp\/v2\/posts\/172567\/revisions\/172569"}],"wp:featuredmedia":[{"embeddable":true,"href":"https:\/\/mspontocom.com.br\/site\/wp-json\/wp\/v2\/media\/172568"}],"wp:attachment":[{"href":"https:\/\/mspontocom.com.br\/site\/wp-json\/wp\/v2\/media?parent=172567"}],"wp:term":[{"taxonomy":"category","embeddable":true,"href":"https:\/\/mspontocom.com.br\/site\/wp-json\/wp\/v2\/categories?post=172567"},{"taxonomy":"post_tag","embeddable":true,"href":"https:\/\/mspontocom.com.br\/site\/wp-json\/wp\/v2\/tags?post=172567"}],"curies":[{"name":"wp","href":"https:\/\/api.w.org\/{rel}","templated":true}]}}