{"id":172583,"date":"2022-07-16T07:03:49","date_gmt":"2022-07-16T11:03:49","guid":{"rendered":"https:\/\/mspontocom.com.br\/site\/?p=172583"},"modified":"2022-07-16T07:03:49","modified_gmt":"2022-07-16T11:03:49","slug":"bolsonaro-critica-ordem-de-moraes-sobre-discurso-de-odio-covarde","status":"publish","type":"post","link":"https:\/\/mspontocom.com.br\/site\/bolsonaro-critica-ordem-de-moraes-sobre-discurso-de-odio-covarde\/","title":{"rendered":"Bolsonaro critica ordem de Moraes sobre discurso de \u00f3dio: &#8220;Covarde&#8221;"},"content":{"rendered":"<p style=\"text-align: justify;\"><img loading=\"lazy\" class=\"alignnone size-medium wp-image-172590\" src=\"https:\/\/mspontocom.com.br\/site\/wp-content\/uploads\/2022\/07\/site-bolsonaro-critica-ordem-de-moraes-sobre-discurso-de-odio-covarde-ale1-e1657969327505-260x138.jpeg\" alt=\"\" width=\"260\" height=\"138\" srcset=\"https:\/\/mspontocom.com.br\/site\/wp-content\/uploads\/2022\/07\/site-bolsonaro-critica-ordem-de-moraes-sobre-discurso-de-odio-covarde-ale1-e1657969327505-260x138.jpeg 260w, https:\/\/mspontocom.com.br\/site\/wp-content\/uploads\/2022\/07\/site-bolsonaro-critica-ordem-de-moraes-sobre-discurso-de-odio-covarde-ale1-e1657969327505.jpeg 674w\" sizes=\"(max-width: 260px) 100vw, 260px\" \/><\/p>\n<p style=\"text-align: justify;\">O presidente <strong>Jair Bolsonaro<\/strong> (PL) criticou a mais recente decis\u00e3o do ministro <strong>Alexandre de Moraes<\/strong> do STF que estabeleceu um prazo de dois dias para que o chefe do Executivo se manifeste sobre a a\u00e7\u00e3o impetrada pelos partidos de oposi\u00e7\u00e3o contra <strong>\u201cdiscursos de \u00f3dio\u201d.<\/strong><\/p>\n<p style=\"text-align: justify;\">\u201c\u00c9 uma falta de considera\u00e7\u00e3o\u201d, lamentou o presidente, durante\u00a0<em>live<\/em>\u00a0transmitida no YouTube.<\/p>\n<p style=\"text-align: justify;\">Para Bolsonaro, a decis\u00e3o de Moraes\u00a0gera um conflito entre os Poderes da Rep\u00fablica.<\/p>\n<p style=\"text-align: justify;\"><strong>\u201cIsso \u00e9 uma covardia\u201d<\/strong>, afirmou. \u201cH\u00e1 uma colet\u00e2nea de frases, e terei de me explicar. Minha assessoria explicar\u00e1.\u201d<\/p>\n<p style=\"text-align: justify;\">Na representa\u00e7\u00e3o, protocolada na quarta-feira 13, os partidos PC do B, Psol, PSB, PV e Rede argumentam que as declara\u00e7\u00f5es do presidente fornecem est\u00edmulos psicol\u00f3gicos para os seus apoiadores, que, influenciados, passam a desumanizar os opositores.<\/p>\n","protected":false},"excerpt":{"rendered":"<p>O presidente Jair Bolsonaro (PL) criticou a mais recente decis\u00e3o do ministro Alexandre de Moraes do STF que estabeleceu um prazo de dois dias para que o chefe do Executivo se manifeste sobre a a\u00e7\u00e3o impetrada pelos partidos de oposi\u00e7\u00e3o contra \u201cdiscursos de \u00f3dio\u201d. \u201c\u00c9 uma falta de considera\u00e7\u00e3o\u201d, lamentou o presidente, durante\u00a0live\u00a0transmitida no YouTube. [&hellip;]<\/p>\n","protected":false},"author":2,"featured_media":172590,"comment_status":"open","ping_status":"open","sticky":false,"template":"","format":"standard","meta":{"_monsterinsights_skip_tracking":false,"_monsterinsights_sitenote_active":false,"_monsterinsights_sitenote_note":"","_monsterinsights_sitenote_category":0},"categories":[6,30260,30259],"tags":[26336,21017,36697,38193],"aioseo_notices":[],"_links":{"self":[{"href":"https:\/\/mspontocom.com.br\/site\/wp-json\/wp\/v2\/posts\/172583"}],"collection":[{"href":"https:\/\/mspontocom.com.br\/site\/wp-json\/wp\/v2\/posts"}],"about":[{"href":"https:\/\/mspontocom.com.br\/site\/wp-json\/wp\/v2\/types\/post"}],"author":[{"embeddable":true,"href":"https:\/\/mspontocom.com.br\/site\/wp-json\/wp\/v2\/users\/2"}],"replies":[{"embeddable":true,"href":"https:\/\/mspontocom.com.br\/site\/wp-json\/wp\/v2\/comments?post=172583"}],"version-history":[{"count":2,"href":"https:\/\/mspontocom.com.br\/site\/wp-json\/wp\/v2\/posts\/172583\/revisions"}],"predecessor-version":[{"id":172591,"href":"https:\/\/mspontocom.com.br\/site\/wp-json\/wp\/v2\/posts\/172583\/revisions\/172591"}],"wp:featuredmedia":[{"embeddable":true,"href":"https:\/\/mspontocom.com.br\/site\/wp-json\/wp\/v2\/media\/172590"}],"wp:attachment":[{"href":"https:\/\/mspontocom.com.br\/site\/wp-json\/wp\/v2\/media?parent=172583"}],"wp:term":[{"taxonomy":"category","embeddable":true,"href":"https:\/\/mspontocom.com.br\/site\/wp-json\/wp\/v2\/categories?post=172583"},{"taxonomy":"post_tag","embeddable":true,"href":"https:\/\/mspontocom.com.br\/site\/wp-json\/wp\/v2\/tags?post=172583"}],"curies":[{"name":"wp","href":"https:\/\/api.w.org\/{rel}","templated":true}]}}