{"id":172594,"date":"2022-07-16T07:35:00","date_gmt":"2022-07-16T11:35:00","guid":{"rendered":"https:\/\/mspontocom.com.br\/site\/?p=172594"},"modified":"2022-07-16T07:35:00","modified_gmt":"2022-07-16T11:35:00","slug":"stf-envia-a-pgr-pedido-de-inquerito-contra-bolsonaro-por-falas-lgbtfobicas","status":"publish","type":"post","link":"https:\/\/mspontocom.com.br\/site\/stf-envia-a-pgr-pedido-de-inquerito-contra-bolsonaro-por-falas-lgbtfobicas\/","title":{"rendered":"STF envia \u00e0 PGR pedido de inqu\u00e9rito contra Bolsonaro por falas LGBTF\u00d3BICAS"},"content":{"rendered":"<p class=\"first-paragraph\" style=\"text-align: justify;\"><img loading=\"lazy\" class=\"alignnone size-medium wp-image-172596\" src=\"https:\/\/mspontocom.com.br\/site\/wp-content\/uploads\/2022\/07\/site-stf-envia-a-pgr-pedido-de-inqueritoto-contra-bolsonaro-por-falas-lgbtfobicas-bolsonaro-bravo-260x159.jpg\" alt=\"\" width=\"260\" height=\"159\" srcset=\"https:\/\/mspontocom.com.br\/site\/wp-content\/uploads\/2022\/07\/site-stf-envia-a-pgr-pedido-de-inqueritoto-contra-bolsonaro-por-falas-lgbtfobicas-bolsonaro-bravo-260x159.jpg 260w, https:\/\/mspontocom.com.br\/site\/wp-content\/uploads\/2022\/07\/site-stf-envia-a-pgr-pedido-de-inqueritoto-contra-bolsonaro-por-falas-lgbtfobicas-bolsonaro-bravo.jpg 620w\" sizes=\"(max-width: 260px) 100vw, 260px\" \/><\/p>\n<p class=\"first-paragraph\" style=\"text-align: justify;\">A ministra do STF, <strong>Rosa Weber,<\/strong> enviou para a Procuradoria-Geral da Rep\u00fablica (PGR) um pedido de inqu\u00e9rito contra o presidente <strong>Jair Bolsonaro<\/strong> por falas consideradas homof\u00f3bicas e transf\u00f3bicas.<\/p>\n<p style=\"text-align: justify;\">A ministra optou por enviar o pedido diretamente para a Procuradoria-Geral.<\/p>\n<p style=\"text-align: justify;\">\u201cAntes de qualquer provid\u00eancia, determino a abertura de vista dos autos \u00e0 Procuradoria-Geral da Rep\u00fablica, a quem cabe a forma\u00e7\u00e3o da opinio delicti em feitos de compet\u00eancia desta Suprema Corte, para manifesta\u00e7\u00e3o no prazo regimental\u201d, escreveu a ministra no pedido.<\/p>\n<p style=\"text-align: justify;\">Durante a Conven\u00e7\u00e3o dos Ministros das Igrejas Evang\u00e9licas Assembleias de Deus (Comadesma), realizado no Maranh\u00e3o na \u00faltima quarta-feira (13), Bolsonaro afirmou que <strong>\u201co que n\u00f3s queremos \u00e9 que o Jo\u00e3ozinho seja Jo\u00e3ozinho a vida toda.<\/strong> <strong>A Mariazinha seja Maria a vida toda, que constituam fam\u00edlia, que seu car\u00e1ter n\u00e3o seja deturpado em sala de aula\u201d.<\/strong><\/p>\n<p style=\"text-align: justify;\">\u00a0Segundo a den\u00fancia, o discurso possui \u201cevidente car\u00e1ter homof\u00f3bico e transf\u00f3bico, uma vez que apontam com desd\u00e9m e desrespeito a exist\u00eancia de pessoas com orienta\u00e7\u00e3o sexual e identidade de g\u00eanero distintas do padr\u00e3o heteronormativo\u201d.<\/p>\n","protected":false},"excerpt":{"rendered":"<p>A ministra do STF, Rosa Weber, enviou para a Procuradoria-Geral da Rep\u00fablica (PGR) um pedido de inqu\u00e9rito contra o presidente Jair Bolsonaro por falas consideradas homof\u00f3bicas e transf\u00f3bicas. A ministra optou por enviar o pedido diretamente para a Procuradoria-Geral. \u201cAntes de qualquer provid\u00eancia, determino a abertura de vista dos autos \u00e0 Procuradoria-Geral da Rep\u00fablica, a [&hellip;]<\/p>\n","protected":false},"author":2,"featured_media":172596,"comment_status":"open","ping_status":"open","sticky":false,"template":"","format":"standard","meta":{"_monsterinsights_skip_tracking":false,"_monsterinsights_sitenote_active":false,"_monsterinsights_sitenote_note":"","_monsterinsights_sitenote_category":0},"categories":[6],"tags":[21017,38196,7219,3014],"aioseo_notices":[],"_links":{"self":[{"href":"https:\/\/mspontocom.com.br\/site\/wp-json\/wp\/v2\/posts\/172594"}],"collection":[{"href":"https:\/\/mspontocom.com.br\/site\/wp-json\/wp\/v2\/posts"}],"about":[{"href":"https:\/\/mspontocom.com.br\/site\/wp-json\/wp\/v2\/types\/post"}],"author":[{"embeddable":true,"href":"https:\/\/mspontocom.com.br\/site\/wp-json\/wp\/v2\/users\/2"}],"replies":[{"embeddable":true,"href":"https:\/\/mspontocom.com.br\/site\/wp-json\/wp\/v2\/comments?post=172594"}],"version-history":[{"count":2,"href":"https:\/\/mspontocom.com.br\/site\/wp-json\/wp\/v2\/posts\/172594\/revisions"}],"predecessor-version":[{"id":172597,"href":"https:\/\/mspontocom.com.br\/site\/wp-json\/wp\/v2\/posts\/172594\/revisions\/172597"}],"wp:featuredmedia":[{"embeddable":true,"href":"https:\/\/mspontocom.com.br\/site\/wp-json\/wp\/v2\/media\/172596"}],"wp:attachment":[{"href":"https:\/\/mspontocom.com.br\/site\/wp-json\/wp\/v2\/media?parent=172594"}],"wp:term":[{"taxonomy":"category","embeddable":true,"href":"https:\/\/mspontocom.com.br\/site\/wp-json\/wp\/v2\/categories?post=172594"},{"taxonomy":"post_tag","embeddable":true,"href":"https:\/\/mspontocom.com.br\/site\/wp-json\/wp\/v2\/tags?post=172594"}],"curies":[{"name":"wp","href":"https:\/\/api.w.org\/{rel}","templated":true}]}}