{"id":172598,"date":"2022-07-16T07:50:01","date_gmt":"2022-07-16T11:50:01","guid":{"rendered":"https:\/\/mspontocom.com.br\/site\/?p=172598"},"modified":"2022-07-16T07:50:01","modified_gmt":"2022-07-16T11:50:01","slug":"apos-polemica-havan-reforca-venda-de-bandeiras-do-brasil","status":"publish","type":"post","link":"https:\/\/mspontocom.com.br\/site\/apos-polemica-havan-reforca-venda-de-bandeiras-do-brasil\/","title":{"rendered":"Ap\u00f3s pol\u00eamica, Havan refor\u00e7a venda de Bandeiras do Brasil"},"content":{"rendered":"<p style=\"text-align: justify;\"><img loading=\"lazy\" class=\"alignnone size-medium wp-image-172599\" src=\"https:\/\/mspontocom.com.br\/site\/wp-content\/uploads\/2022\/07\/site-apos-polemica-havan-reforca-venda-de-bandeiras-do-brasil-havan-260x222.jpg\" alt=\"\" width=\"260\" height=\"222\" srcset=\"https:\/\/mspontocom.com.br\/site\/wp-content\/uploads\/2022\/07\/site-apos-polemica-havan-reforca-venda-de-bandeiras-do-brasil-havan-260x222.jpg 260w, https:\/\/mspontocom.com.br\/site\/wp-content\/uploads\/2022\/07\/site-apos-polemica-havan-reforca-venda-de-bandeiras-do-brasil-havan.jpg 500w\" sizes=\"(max-width: 260px) 100vw, 260px\" \/><\/p>\n<p style=\"text-align: justify;\">A rede varejista <strong>Havan<\/strong> lan\u00e7ou uma nova campanha para refor\u00e7ar a venda das Bandeiras do Brasil.<\/p>\n<p style=\"text-align: justify;\">A a\u00e7\u00e3o iniciou ap\u00f3s a pol\u00eamica envolvendo uma ju\u00edza eleitoral do Rio Grande do Sul, a qual disse que o s\u00edmbolo nacional se tornou marca de \u201cum lado da pol\u00edtica\u201d no pa\u00eds.<\/p>\n<p style=\"text-align: justify;\">\u00a0\u201cA Bandeira do Brasil representa nossa hist\u00f3ria e identifica a na\u00e7\u00e3o brasileira. Todo cidad\u00e3o tem direito de exalt\u00e1-la, independentemente de partido\u201d, destaca o dono da Havan, <strong>Luciano Hang.<\/strong><\/p>\n<p style=\"text-align: justify;\">Al\u00e9m do s\u00edmbolo nacional, a varejista oferece ainda camisetas verdes com a frase \u201cO Brasil que queremos s\u00f3 depende de n\u00f3s\u201d estampadas na frente, assim como no uniforme dos colaboradores Havan.<\/p>\n","protected":false},"excerpt":{"rendered":"<p>A rede varejista Havan lan\u00e7ou uma nova campanha para refor\u00e7ar a venda das Bandeiras do Brasil. A a\u00e7\u00e3o iniciou ap\u00f3s a pol\u00eamica envolvendo uma ju\u00edza eleitoral do Rio Grande do Sul, a qual disse que o s\u00edmbolo nacional se tornou marca de \u201cum lado da pol\u00edtica\u201d no pa\u00eds. \u00a0\u201cA Bandeira do Brasil representa nossa hist\u00f3ria [&hellip;]<\/p>\n","protected":false},"author":2,"featured_media":172599,"comment_status":"open","ping_status":"open","sticky":false,"template":"","format":"standard","meta":{"_monsterinsights_skip_tracking":false,"_monsterinsights_sitenote_active":false,"_monsterinsights_sitenote_note":"","_monsterinsights_sitenote_category":0},"categories":[6,30259],"tags":[38190,15093,21809],"aioseo_notices":[],"_links":{"self":[{"href":"https:\/\/mspontocom.com.br\/site\/wp-json\/wp\/v2\/posts\/172598"}],"collection":[{"href":"https:\/\/mspontocom.com.br\/site\/wp-json\/wp\/v2\/posts"}],"about":[{"href":"https:\/\/mspontocom.com.br\/site\/wp-json\/wp\/v2\/types\/post"}],"author":[{"embeddable":true,"href":"https:\/\/mspontocom.com.br\/site\/wp-json\/wp\/v2\/users\/2"}],"replies":[{"embeddable":true,"href":"https:\/\/mspontocom.com.br\/site\/wp-json\/wp\/v2\/comments?post=172598"}],"version-history":[{"count":1,"href":"https:\/\/mspontocom.com.br\/site\/wp-json\/wp\/v2\/posts\/172598\/revisions"}],"predecessor-version":[{"id":172600,"href":"https:\/\/mspontocom.com.br\/site\/wp-json\/wp\/v2\/posts\/172598\/revisions\/172600"}],"wp:featuredmedia":[{"embeddable":true,"href":"https:\/\/mspontocom.com.br\/site\/wp-json\/wp\/v2\/media\/172599"}],"wp:attachment":[{"href":"https:\/\/mspontocom.com.br\/site\/wp-json\/wp\/v2\/media?parent=172598"}],"wp:term":[{"taxonomy":"category","embeddable":true,"href":"https:\/\/mspontocom.com.br\/site\/wp-json\/wp\/v2\/categories?post=172598"},{"taxonomy":"post_tag","embeddable":true,"href":"https:\/\/mspontocom.com.br\/site\/wp-json\/wp\/v2\/tags?post=172598"}],"curies":[{"name":"wp","href":"https:\/\/api.w.org\/{rel}","templated":true}]}}