{"id":172603,"date":"2022-07-17T06:28:24","date_gmt":"2022-07-17T10:28:24","guid":{"rendered":"https:\/\/mspontocom.com.br\/site\/?p=172603"},"modified":"2022-07-17T06:28:24","modified_gmt":"2022-07-17T10:28:24","slug":"fachin-foge-de-reuniao-de-bolsonaro-com-embaixadores-sobre-urna-eletronica","status":"publish","type":"post","link":"https:\/\/mspontocom.com.br\/site\/fachin-foge-de-reuniao-de-bolsonaro-com-embaixadores-sobre-urna-eletronica\/","title":{"rendered":"Fachin &#8220;foge&#8221; de reuni\u00e3o de Bolsonaro com embaixadores sobre urna eletr\u00f4nica"},"content":{"rendered":"<p style=\"text-align: justify;\"><img loading=\"lazy\" class=\"alignnone size-medium wp-image-172616\" src=\"https:\/\/mspontocom.com.br\/site\/wp-content\/uploads\/2022\/07\/site-fachin-foge-de-reuniao-de-bolsonaro-com-embaixadores-sobre-urna-eletronica-fachin1-e1658053579323-260x119.jpg\" alt=\"\" width=\"260\" height=\"119\" srcset=\"https:\/\/mspontocom.com.br\/site\/wp-content\/uploads\/2022\/07\/site-fachin-foge-de-reuniao-de-bolsonaro-com-embaixadores-sobre-urna-eletronica-fachin1-e1658053579323-260x119.jpg 260w, https:\/\/mspontocom.com.br\/site\/wp-content\/uploads\/2022\/07\/site-fachin-foge-de-reuniao-de-bolsonaro-com-embaixadores-sobre-urna-eletronica-fachin1-e1658053579323-1024x470.jpg 1024w, https:\/\/mspontocom.com.br\/site\/wp-content\/uploads\/2022\/07\/site-fachin-foge-de-reuniao-de-bolsonaro-com-embaixadores-sobre-urna-eletronica-fachin1-e1658053579323-768x352.jpg 768w, https:\/\/mspontocom.com.br\/site\/wp-content\/uploads\/2022\/07\/site-fachin-foge-de-reuniao-de-bolsonaro-com-embaixadores-sobre-urna-eletronica-fachin1-e1658053579323.jpg 1231w\" sizes=\"(max-width: 260px) 100vw, 260px\" \/><\/p>\n<p style=\"text-align: justify;\">O presidente do TSE (Tribunal Superior Eleitoral), ministro<strong> Edson Fachin,<\/strong> recusou um convite feito pelo presidente <strong>Jair Bolsonaro<\/strong> (PL) para participar de uma reuni\u00e3o com embaixadores na 2\u00aa feira (18.jul.2022).<\/p>\n<p style=\"text-align: justify;\">O chefe do Executivo afirmou que se encontrar\u00e1 com diplomatas no Pal\u00e1cio da Alvorada para discutir as \u201cfragilidades\u201d do sistema eleitoral brasileiro e contestar as acusa\u00e7\u00f5es de que planeja um golpe de Estado.<\/p>\n<p style=\"text-align: justify;\">Em of\u00edcio enviado \u00e0 Presid\u00eancia da Rep\u00fablica,\u00a0 Fachin agradeceu o convite.<\/p>\n<p style=\"text-align: justify;\">No entanto, por presidir \u201co Tribunal que julga a legalidade das ac\u0327o\u0303es dos pre\u0301-candidatos ou candidatos durante o pleito\u201d, o ministro disse ter o \u201cdever de imparcialidade\u201d, o que o impede de ir a eventos organizados por eles.<\/p>\n","protected":false},"excerpt":{"rendered":"<p>O presidente do TSE (Tribunal Superior Eleitoral), ministro Edson Fachin, recusou um convite feito pelo presidente Jair Bolsonaro (PL) para participar de uma reuni\u00e3o com embaixadores na 2\u00aa feira (18.jul.2022). O chefe do Executivo afirmou que se encontrar\u00e1 com diplomatas no Pal\u00e1cio da Alvorada para discutir as \u201cfragilidades\u201d do sistema eleitoral brasileiro e contestar as [&hellip;]<\/p>\n","protected":false},"author":2,"featured_media":172616,"comment_status":"open","ping_status":"open","sticky":false,"template":"","format":"standard","meta":{"_monsterinsights_skip_tracking":false,"_monsterinsights_sitenote_active":false,"_monsterinsights_sitenote_note":"","_monsterinsights_sitenote_category":0},"categories":[30260,30259,12],"tags":[21017,27120,3445,21908,38198,27737,2325],"aioseo_notices":[],"_links":{"self":[{"href":"https:\/\/mspontocom.com.br\/site\/wp-json\/wp\/v2\/posts\/172603"}],"collection":[{"href":"https:\/\/mspontocom.com.br\/site\/wp-json\/wp\/v2\/posts"}],"about":[{"href":"https:\/\/mspontocom.com.br\/site\/wp-json\/wp\/v2\/types\/post"}],"author":[{"embeddable":true,"href":"https:\/\/mspontocom.com.br\/site\/wp-json\/wp\/v2\/users\/2"}],"replies":[{"embeddable":true,"href":"https:\/\/mspontocom.com.br\/site\/wp-json\/wp\/v2\/comments?post=172603"}],"version-history":[{"count":2,"href":"https:\/\/mspontocom.com.br\/site\/wp-json\/wp\/v2\/posts\/172603\/revisions"}],"predecessor-version":[{"id":172617,"href":"https:\/\/mspontocom.com.br\/site\/wp-json\/wp\/v2\/posts\/172603\/revisions\/172617"}],"wp:featuredmedia":[{"embeddable":true,"href":"https:\/\/mspontocom.com.br\/site\/wp-json\/wp\/v2\/media\/172616"}],"wp:attachment":[{"href":"https:\/\/mspontocom.com.br\/site\/wp-json\/wp\/v2\/media?parent=172603"}],"wp:term":[{"taxonomy":"category","embeddable":true,"href":"https:\/\/mspontocom.com.br\/site\/wp-json\/wp\/v2\/categories?post=172603"},{"taxonomy":"post_tag","embeddable":true,"href":"https:\/\/mspontocom.com.br\/site\/wp-json\/wp\/v2\/tags?post=172603"}],"curies":[{"name":"wp","href":"https:\/\/api.w.org\/{rel}","templated":true}]}}