{"id":172612,"date":"2022-07-17T06:21:31","date_gmt":"2022-07-17T10:21:31","guid":{"rendered":"https:\/\/mspontocom.com.br\/site\/?p=172612"},"modified":"2022-07-17T06:21:31","modified_gmt":"2022-07-17T10:21:31","slug":"solicitada-exoneracao-de-juiza-que-proibia-bandeira-do-brasil-na-propaganda-eleitoral","status":"publish","type":"post","link":"https:\/\/mspontocom.com.br\/site\/solicitada-exoneracao-de-juiza-que-proibia-bandeira-do-brasil-na-propaganda-eleitoral\/","title":{"rendered":"Solicitada exonera\u00e7\u00e3o de ju\u00edza que proibia bandeira do Brasil na propaganda eleitoral"},"content":{"rendered":"<p style=\"text-align: justify;\"><img loading=\"lazy\" class=\"alignnone size-medium wp-image-172614\" src=\"https:\/\/mspontocom.com.br\/site\/wp-content\/uploads\/2022\/07\/site-solicitada-exoneracao-de-juiza-que-proibia-uso-da-bandeira-do-brasil-a-propaganda-eleitoral-bandeira-e1658053095887-260x128.jpg\" alt=\"\" width=\"260\" height=\"128\" srcset=\"https:\/\/mspontocom.com.br\/site\/wp-content\/uploads\/2022\/07\/site-solicitada-exoneracao-de-juiza-que-proibia-uso-da-bandeira-do-brasil-a-propaganda-eleitoral-bandeira-e1658053095887-260x128.jpg 260w, https:\/\/mspontocom.com.br\/site\/wp-content\/uploads\/2022\/07\/site-solicitada-exoneracao-de-juiza-que-proibia-uso-da-bandeira-do-brasil-a-propaganda-eleitoral-bandeira-e1658053095887-1024x505.jpg 1024w, https:\/\/mspontocom.com.br\/site\/wp-content\/uploads\/2022\/07\/site-solicitada-exoneracao-de-juiza-que-proibia-uso-da-bandeira-do-brasil-a-propaganda-eleitoral-bandeira-e1658053095887-768x379.jpg 768w, https:\/\/mspontocom.com.br\/site\/wp-content\/uploads\/2022\/07\/site-solicitada-exoneracao-de-juiza-que-proibia-uso-da-bandeira-do-brasil-a-propaganda-eleitoral-bandeira-e1658053095887.jpg 1100w\" sizes=\"(max-width: 260px) 100vw, 260px\" \/><\/p>\n<p style=\"text-align: justify;\">A ju\u00edza Ana L\u00facia Todeschini Martinez disse que a utiliza\u00e7\u00e3o de bandeiras do Brasil estaria, neste ano, caracterizada como uma campanha eleitoral, devido a utiliza\u00e7\u00e3o maci\u00e7a do item por grupos de apoiadores do presidente <strong>Jair Bolsonaro.<\/strong><\/p>\n<p style=\"text-align: justify;\">O entendimento causou grande repercuss\u00e3o no pa\u00eds, especialmente entre parlamentares governistas.<\/p>\n<p style=\"text-align: justify;\">O deputado federal Bibo Nunes (PL-RS) defende que a ju\u00edza Ana L\u00facia Todeschini Martinez seja penalizada pelo posicionamento.<\/p>\n<p style=\"text-align: justify;\">Ele apresentou uma representa\u00e7\u00e3o no Conselho Nacional de Justi\u00e7a pedindo a<strong> exonera\u00e7\u00e3o<\/strong> da magistrada, defendendo que ela \u201cn\u00e3o tem condi\u00e7\u00f5es\u201d psicol\u00f3gicas e emocionais de continuar exercendo o cargo.<\/p>\n<p style=\"text-align: justify;\">\u201cComo pode uma ju\u00edza dizer que a bandeira do nosso pa\u00eds \u00e9 um instrumento de propaganda eleitoral a partir de 16 de agosto. N\u00e3o tem o menor sentido, o menor fundamento. O que pensa essa ju\u00edza?\u201d, questionou o parlamentar.<\/p>\n<p style=\"text-align: justify;\">Para o deputado federal, a resposta \u2013 e o rev\u00e9s \u2013 do Tribunal Regional n\u00e3o \u00e9 suficiente para apagar a posi\u00e7\u00e3o da magistrada.<\/p>\n<p style=\"text-align: justify;\">\u201cEla tem que ser punida e exonerada. Isso \u00e9 crime, uma ju\u00edza, desembargadora, ministra, n\u00e3o pode ter posi\u00e7\u00e3o pol\u00edtica partid\u00e1ria. E o que ela deu foi uma posi\u00e7\u00e3o partid\u00e1ria extremada contra a bandeira do seu pr\u00f3prio pa\u00eds. [\u2026.] Os apoiadores do Bolsonaro s\u00e3o patriotas. Qual brasileiro n\u00e3o deve se orgulhar da sua bandeira? Quem apoia Bolsonaro s\u00e3o patriotas, pessoas que querem o bem do seu pa\u00eds\u201d, concluiu.<\/p>\n","protected":false},"excerpt":{"rendered":"<p>A ju\u00edza Ana L\u00facia Todeschini Martinez disse que a utiliza\u00e7\u00e3o de bandeiras do Brasil estaria, neste ano, caracterizada como uma campanha eleitoral, devido a utiliza\u00e7\u00e3o maci\u00e7a do item por grupos de apoiadores do presidente Jair Bolsonaro. O entendimento causou grande repercuss\u00e3o no pa\u00eds, especialmente entre parlamentares governistas. O deputado federal Bibo Nunes (PL-RS) defende que [&hellip;]<\/p>\n","protected":false},"author":2,"featured_media":172614,"comment_status":"open","ping_status":"open","sticky":false,"template":"","format":"standard","meta":{"_monsterinsights_skip_tracking":false,"_monsterinsights_sitenote_active":false,"_monsterinsights_sitenote_note":"","_monsterinsights_sitenote_category":0},"categories":[6,30260,30259],"tags":[38190,4463,38197,3612,35736],"aioseo_notices":[],"_links":{"self":[{"href":"https:\/\/mspontocom.com.br\/site\/wp-json\/wp\/v2\/posts\/172612"}],"collection":[{"href":"https:\/\/mspontocom.com.br\/site\/wp-json\/wp\/v2\/posts"}],"about":[{"href":"https:\/\/mspontocom.com.br\/site\/wp-json\/wp\/v2\/types\/post"}],"author":[{"embeddable":true,"href":"https:\/\/mspontocom.com.br\/site\/wp-json\/wp\/v2\/users\/2"}],"replies":[{"embeddable":true,"href":"https:\/\/mspontocom.com.br\/site\/wp-json\/wp\/v2\/comments?post=172612"}],"version-history":[{"count":2,"href":"https:\/\/mspontocom.com.br\/site\/wp-json\/wp\/v2\/posts\/172612\/revisions"}],"predecessor-version":[{"id":172615,"href":"https:\/\/mspontocom.com.br\/site\/wp-json\/wp\/v2\/posts\/172612\/revisions\/172615"}],"wp:featuredmedia":[{"embeddable":true,"href":"https:\/\/mspontocom.com.br\/site\/wp-json\/wp\/v2\/media\/172614"}],"wp:attachment":[{"href":"https:\/\/mspontocom.com.br\/site\/wp-json\/wp\/v2\/media?parent=172612"}],"wp:term":[{"taxonomy":"category","embeddable":true,"href":"https:\/\/mspontocom.com.br\/site\/wp-json\/wp\/v2\/categories?post=172612"},{"taxonomy":"post_tag","embeddable":true,"href":"https:\/\/mspontocom.com.br\/site\/wp-json\/wp\/v2\/tags?post=172612"}],"curies":[{"name":"wp","href":"https:\/\/api.w.org\/{rel}","templated":true}]}}