{"id":172632,"date":"2022-07-18T15:47:41","date_gmt":"2022-07-18T19:47:41","guid":{"rendered":"https:\/\/mspontocom.com.br\/site\/?p=172632"},"modified":"2022-07-18T15:30:19","modified_gmt":"2022-07-18T19:30:19","slug":"bolsonaro-convoca-para-o-maior-7-de-setembro-possivel","status":"publish","type":"post","link":"https:\/\/mspontocom.com.br\/site\/bolsonaro-convoca-para-o-maior-7-de-setembro-possivel\/","title":{"rendered":"Bolsonaro convoca para o maior &#8220;7 de Setembro poss\u00edvel&#8221;"},"content":{"rendered":"<p style=\"text-align: justify;\"><img loading=\"lazy\" class=\"alignnone size-medium wp-image-172634\" src=\"https:\/\/mspontocom.com.br\/site\/wp-content\/uploads\/2022\/07\/site-bolsonaro-convoca-para-o-maior-7-de-setembro-possivel-bolsonaro-7-de-setembro-e1658140593252-260x140.jpg\" alt=\"\" width=\"260\" height=\"140\" srcset=\"https:\/\/mspontocom.com.br\/site\/wp-content\/uploads\/2022\/07\/site-bolsonaro-convoca-para-o-maior-7-de-setembro-possivel-bolsonaro-7-de-setembro-e1658140593252-260x140.jpg 260w, https:\/\/mspontocom.com.br\/site\/wp-content\/uploads\/2022\/07\/site-bolsonaro-convoca-para-o-maior-7-de-setembro-possivel-bolsonaro-7-de-setembro-e1658140593252-768x414.jpg 768w, https:\/\/mspontocom.com.br\/site\/wp-content\/uploads\/2022\/07\/site-bolsonaro-convoca-para-o-maior-7-de-setembro-possivel-bolsonaro-7-de-setembro-e1658140593252.jpg 884w\" sizes=\"(max-width: 260px) 100vw, 260px\" \/><\/p>\n<p style=\"text-align: justify;\">O presidente<strong> Jair Bolsonaro<\/strong> disse que deve ficar em Bras\u00edlia no <strong>Sete de Setembro<\/strong> deste ano, e que deve fazer o maior desfile &#8220;poss\u00edvel&#8221;.<\/p>\n<p style=\"text-align: justify;\">Ele afirmou que participar\u00e1 do desfile militar na data, que n\u00e3o foi realizado desde 2020 por causa da pandemia da covid-19.<\/p>\n<p style=\"text-align: justify;\"><strong>\u00a0&#8220;Vamos fazer o maior poss\u00edvel,<\/strong> porque casa com 200 anos da nossa independ\u00eancia, logicamente \u00e9 muito bonito isso.&#8221;.<\/p>\n<p style=\"text-align: justify;\">Bolsonaro disse n\u00e3o saber sobre a organiza\u00e7\u00e3o de manifesta\u00e7\u00f5es para as pr\u00f3ximas semanas, mas que elas s\u00e3o bem-vindas, e citou os atos de Sete de Setembro do ano passado.<\/p>\n<p style=\"text-align: justify;\">&#8220;Voc\u00ea veja o Sete de Setembro do ano passado: n\u00e3o tem not\u00edcia de uma lixeira virada, e a\u00ed algumas pessoas rotulam de viol\u00eancia, ataque \u00e0 democracia, \u00e9 uma manifesta\u00e7\u00e3o popular&#8221;, afirmou.<\/p>\n<p>fonte: O Estad\u00e3o<\/p>\n","protected":false},"excerpt":{"rendered":"<p>O presidente Jair Bolsonaro disse que deve ficar em Bras\u00edlia no Sete de Setembro deste ano, e que deve fazer o maior desfile &#8220;poss\u00edvel&#8221;. Ele afirmou que participar\u00e1 do desfile militar na data, que n\u00e3o foi realizado desde 2020 por causa da pandemia da covid-19. \u00a0&#8220;Vamos fazer o maior poss\u00edvel, porque casa com 200 anos [&hellip;]<\/p>\n","protected":false},"author":2,"featured_media":172634,"comment_status":"open","ping_status":"open","sticky":false,"template":"","format":"standard","meta":{"_monsterinsights_skip_tracking":false,"_monsterinsights_sitenote_active":false,"_monsterinsights_sitenote_note":"","_monsterinsights_sitenote_category":0},"categories":[6,30260,30259],"tags":[38204,21017,476,24332,28812],"aioseo_notices":[],"_links":{"self":[{"href":"https:\/\/mspontocom.com.br\/site\/wp-json\/wp\/v2\/posts\/172632"}],"collection":[{"href":"https:\/\/mspontocom.com.br\/site\/wp-json\/wp\/v2\/posts"}],"about":[{"href":"https:\/\/mspontocom.com.br\/site\/wp-json\/wp\/v2\/types\/post"}],"author":[{"embeddable":true,"href":"https:\/\/mspontocom.com.br\/site\/wp-json\/wp\/v2\/users\/2"}],"replies":[{"embeddable":true,"href":"https:\/\/mspontocom.com.br\/site\/wp-json\/wp\/v2\/comments?post=172632"}],"version-history":[{"count":2,"href":"https:\/\/mspontocom.com.br\/site\/wp-json\/wp\/v2\/posts\/172632\/revisions"}],"predecessor-version":[{"id":172635,"href":"https:\/\/mspontocom.com.br\/site\/wp-json\/wp\/v2\/posts\/172632\/revisions\/172635"}],"wp:featuredmedia":[{"embeddable":true,"href":"https:\/\/mspontocom.com.br\/site\/wp-json\/wp\/v2\/media\/172634"}],"wp:attachment":[{"href":"https:\/\/mspontocom.com.br\/site\/wp-json\/wp\/v2\/media?parent=172632"}],"wp:term":[{"taxonomy":"category","embeddable":true,"href":"https:\/\/mspontocom.com.br\/site\/wp-json\/wp\/v2\/categories?post=172632"},{"taxonomy":"post_tag","embeddable":true,"href":"https:\/\/mspontocom.com.br\/site\/wp-json\/wp\/v2\/tags?post=172632"}],"curies":[{"name":"wp","href":"https:\/\/api.w.org\/{rel}","templated":true}]}}