{"id":172640,"date":"2022-07-18T15:06:16","date_gmt":"2022-07-18T19:06:16","guid":{"rendered":"https:\/\/mspontocom.com.br\/site\/?p=172640"},"modified":"2022-07-18T14:18:02","modified_gmt":"2022-07-18T18:18:02","slug":"anulacao-das-penas-de-lula-deveria-ter-parado-o-pais-diz-analista-em-seguranca","status":"publish","type":"post","link":"https:\/\/mspontocom.com.br\/site\/anulacao-das-penas-de-lula-deveria-ter-parado-o-pais-diz-analista-em-seguranca\/","title":{"rendered":"Anula\u00e7\u00e3o das penas de Lula deveria ter parado o pa\u00eds, diz analista em seguran\u00e7a"},"content":{"rendered":"<p style=\"text-align: justify;\"><img loading=\"lazy\" class=\"alignnone size-medium wp-image-172641\" src=\"https:\/\/mspontocom.com.br\/site\/wp-content\/uploads\/2022\/07\/site-lula-lava-e1658141628297-260x149.jpg\" alt=\"\" width=\"260\" height=\"149\" srcset=\"https:\/\/mspontocom.com.br\/site\/wp-content\/uploads\/2022\/07\/site-lula-lava-e1658141628297-260x149.jpg 260w, https:\/\/mspontocom.com.br\/site\/wp-content\/uploads\/2022\/07\/site-lula-lava-e1658141628297.jpg 687w\" sizes=\"(max-width: 260px) 100vw, 260px\" \/><\/p>\n<p style=\"text-align: justify;\">Durante o lan\u00e7amento do document\u00e1rio\u00a0<strong><a href=\"https:\/\/revistaoeste.com\/brasil\/brasil-paralelo-registra-recordes-com-a-estreia-de-entre-lobos\/\" target=\"_blank\" rel=\"noopener\"><em>Entre Lobos<\/em><\/a><\/strong>, produzido pela Brasil Paralelo, o analista e jornalista Roberto Motta comentou a anula\u00e7\u00e3o das penas do ex-presidente Lula, candidato \u00e0 Presid\u00eancia da Rep\u00fablica.<\/p>\n<p style=\"text-align: justify;\">O especialista em seguran\u00e7a p\u00fablica lembrou que o pol\u00edtico foi condenado em todas as inst\u00e2ncias da Justi\u00e7a e nunca foi inocentado.<\/p>\n<p style=\"text-align: justify;\">\u201cN\u00f3s assistimos recentemente aqui no Brasil uma dessas situa\u00e7\u00f5es que deveria ter feito com que n\u00f3s todos par\u00e1ssemos tudo o que est\u00e1vamos fazendo\u201d, disse Motta.<\/p>\n<p style=\"text-align: justify;\">\u201cFoi um sujeito condenado por corrup\u00e7\u00e3o em todas as inst\u00e2ncias do pa\u00eds, por mais de 20 ju\u00edzes, cumprindo pena h\u00e1 dois anos, e que uma canetada anulou o processo. E esse r\u00e9u est\u00e1 concorrendo \u00e0 Presid\u00eancia da Rep\u00fablica. Como \u00e9 que eu explico isso para o policial que est\u00e1 arriscando a vida dele para proteger a nossa? Como \u00e9 que eu explico isso para o meu filho?\u201d.<\/p>\n<h2 style=\"text-align: justify;\"><strong>STF anula penas de Lula<\/strong><\/h2>\n<p style=\"text-align: justify;\">Em abril de 2021, o Supremo Tribunal Federal decidiu anular as condena\u00e7\u00f5es de Lula no \u00e2mbito da\u00a0 opera\u00e7\u00e3o Lava Jato.<\/p>\n<p style=\"text-align: justify;\">Na \u00e9poca, a maioria da Corte seguiu o entendimento do ministro Edson Fachin, relator do processo. Fachin declarou que a Justi\u00e7a Federal do Paran\u00e1 n\u00e3o tinha compet\u00eancia para julgar os casos do tr\u00edplex do Guaruj\u00e1, do s\u00edtio de Atibaia e das doa\u00e7\u00f5es ao Instituto Lula.<\/p>\n<p style=\"text-align: justify;\">Apesar das condena\u00e7\u00f5es terem sido confirmadas em outras inst\u00e2ncias, o ministro alegou que a 13\u00aa Vara Federal de Curitiba n\u00e3o era o \u201cju\u00edzo natural\u201d dos casos. Os processos foram encaminhados \u00e0\u00a0<a href=\"https:\/\/portal.trf1.jus.br\/sjdf\/pagina-inicial-sjdf.htm\" target=\"_blank\" rel=\"noopener\">Justi\u00e7a Federal do Distrito Federal<\/a>.<\/p>\n","protected":false},"excerpt":{"rendered":"<p>Durante o lan\u00e7amento do document\u00e1rio\u00a0Entre Lobos, produzido pela Brasil Paralelo, o analista e jornalista Roberto Motta comentou a anula\u00e7\u00e3o das penas do ex-presidente Lula, candidato \u00e0 Presid\u00eancia da Rep\u00fablica. O especialista em seguran\u00e7a p\u00fablica lembrou que o pol\u00edtico foi condenado em todas as inst\u00e2ncias da Justi\u00e7a e nunca foi inocentado. \u201cN\u00f3s assistimos recentemente aqui no [&hellip;]<\/p>\n","protected":false},"author":2,"featured_media":172641,"comment_status":"open","ping_status":"open","sticky":false,"template":"","format":"standard","meta":{"_monsterinsights_skip_tracking":false,"_monsterinsights_sitenote_active":false,"_monsterinsights_sitenote_note":"","_monsterinsights_sitenote_category":0},"categories":[6,30260,30259],"tags":[29518,480,38207,38208],"aioseo_notices":[],"_links":{"self":[{"href":"https:\/\/mspontocom.com.br\/site\/wp-json\/wp\/v2\/posts\/172640"}],"collection":[{"href":"https:\/\/mspontocom.com.br\/site\/wp-json\/wp\/v2\/posts"}],"about":[{"href":"https:\/\/mspontocom.com.br\/site\/wp-json\/wp\/v2\/types\/post"}],"author":[{"embeddable":true,"href":"https:\/\/mspontocom.com.br\/site\/wp-json\/wp\/v2\/users\/2"}],"replies":[{"embeddable":true,"href":"https:\/\/mspontocom.com.br\/site\/wp-json\/wp\/v2\/comments?post=172640"}],"version-history":[{"count":1,"href":"https:\/\/mspontocom.com.br\/site\/wp-json\/wp\/v2\/posts\/172640\/revisions"}],"predecessor-version":[{"id":172642,"href":"https:\/\/mspontocom.com.br\/site\/wp-json\/wp\/v2\/posts\/172640\/revisions\/172642"}],"wp:featuredmedia":[{"embeddable":true,"href":"https:\/\/mspontocom.com.br\/site\/wp-json\/wp\/v2\/media\/172641"}],"wp:attachment":[{"href":"https:\/\/mspontocom.com.br\/site\/wp-json\/wp\/v2\/media?parent=172640"}],"wp:term":[{"taxonomy":"category","embeddable":true,"href":"https:\/\/mspontocom.com.br\/site\/wp-json\/wp\/v2\/categories?post=172640"},{"taxonomy":"post_tag","embeddable":true,"href":"https:\/\/mspontocom.com.br\/site\/wp-json\/wp\/v2\/tags?post=172640"}],"curies":[{"name":"wp","href":"https:\/\/api.w.org\/{rel}","templated":true}]}}