{"id":172655,"date":"2022-07-19T16:22:53","date_gmt":"2022-07-19T20:22:53","guid":{"rendered":"https:\/\/mspontocom.com.br\/site\/?p=172655"},"modified":"2022-07-19T15:05:53","modified_gmt":"2022-07-19T19:05:53","slug":"censura-de-moraes-da-ligacao-do-pt-com-pcc-contraria-o-proprio-stf","status":"publish","type":"post","link":"https:\/\/mspontocom.com.br\/site\/censura-de-moraes-da-ligacao-do-pt-com-pcc-contraria-o-proprio-stf\/","title":{"rendered":"Censura de Moraes da liga\u00e7\u00e3o do PT com PCC, contraria o pr\u00f3prio STF"},"content":{"rendered":"<p style=\"text-align: justify;\"><img loading=\"lazy\" class=\"alignnone size-medium wp-image-172661\" src=\"https:\/\/mspontocom.com.br\/site\/wp-content\/uploads\/2022\/07\/site-censura-de-moraes-a-ligacao-pt-pcc-contraria-o-proprio-stf-alexandre-de-moraes-e1658225967599-260x145.jpg\" alt=\"\" width=\"260\" height=\"145\" srcset=\"https:\/\/mspontocom.com.br\/site\/wp-content\/uploads\/2022\/07\/site-censura-de-moraes-a-ligacao-pt-pcc-contraria-o-proprio-stf-alexandre-de-moraes-e1658225967599-260x145.jpg 260w, https:\/\/mspontocom.com.br\/site\/wp-content\/uploads\/2022\/07\/site-censura-de-moraes-a-ligacao-pt-pcc-contraria-o-proprio-stf-alexandre-de-moraes-e1658225967599-768x429.jpg 768w, https:\/\/mspontocom.com.br\/site\/wp-content\/uploads\/2022\/07\/site-censura-de-moraes-a-ligacao-pt-pcc-contraria-o-proprio-stf-alexandre-de-moraes-e1658225967599.jpg 873w\" sizes=\"(max-width: 260px) 100vw, 260px\" \/><\/p>\n<p style=\"text-align: justify;\">O ministro <strong>Alexandre de Moraes,<\/strong> do Tribunal Superior Eleitoral (TSE), ordenou a exclus\u00e3o de not\u00edcias que atrelem o <strong>PT <\/strong>\u00e0 fac\u00e7\u00e3o criminosa do <strong>Primeiro Comando da Capital (PCC)<\/strong> atrav\u00e9s do caso Celso Daniel.<\/p>\n<p style=\"text-align: justify;\">Acontece que reportagem publicada na sexta-feira, 1\u00ba de julho (1\u00ba) pela revista \u201cVeja\u201d revela v\u00eddeos de parte da dela\u00e7\u00e3o premiada em que o publicit\u00e1rio mineiro Marcos Val\u00e9rio fala sobre\u00a0 rela\u00e7\u00e3o de petistas com o PCC.<\/p>\n<p style=\"text-align: justify;\">\u00a0A autenticidade do depoimento \u00e0 Pol\u00edcia Federal foi confirmada pela <strong>CNN<\/strong>.<\/p>\n<p style=\"text-align: justify;\">O caso em quest\u00e3o \u00e9 o mesmo noticiado pelo jornal \u201cO Estado de S.Paulo\u201d em 2018.<\/p>\n<p style=\"text-align: justify;\"><strong>A dela\u00e7\u00e3o premiada foi homologada pelo ministro aposentado do STF Celso de Mello.<\/strong><\/p>\n","protected":false},"excerpt":{"rendered":"<p>O ministro Alexandre de Moraes, do Tribunal Superior Eleitoral (TSE), ordenou a exclus\u00e3o de not\u00edcias que atrelem o PT \u00e0 fac\u00e7\u00e3o criminosa do Primeiro Comando da Capital (PCC) atrav\u00e9s do caso Celso Daniel. Acontece que reportagem publicada na sexta-feira, 1\u00ba de julho (1\u00ba) pela revista \u201cVeja\u201d revela v\u00eddeos de parte da dela\u00e7\u00e3o premiada em que [&hellip;]<\/p>\n","protected":false},"author":2,"featured_media":172661,"comment_status":"open","ping_status":"open","sticky":false,"template":"","format":"standard","meta":{"_monsterinsights_skip_tracking":false,"_monsterinsights_sitenote_active":false,"_monsterinsights_sitenote_note":"","_monsterinsights_sitenote_category":0},"categories":[6,30260,30259],"tags":[26336,38210,533,3014,4378],"aioseo_notices":[],"_links":{"self":[{"href":"https:\/\/mspontocom.com.br\/site\/wp-json\/wp\/v2\/posts\/172655"}],"collection":[{"href":"https:\/\/mspontocom.com.br\/site\/wp-json\/wp\/v2\/posts"}],"about":[{"href":"https:\/\/mspontocom.com.br\/site\/wp-json\/wp\/v2\/types\/post"}],"author":[{"embeddable":true,"href":"https:\/\/mspontocom.com.br\/site\/wp-json\/wp\/v2\/users\/2"}],"replies":[{"embeddable":true,"href":"https:\/\/mspontocom.com.br\/site\/wp-json\/wp\/v2\/comments?post=172655"}],"version-history":[{"count":3,"href":"https:\/\/mspontocom.com.br\/site\/wp-json\/wp\/v2\/posts\/172655\/revisions"}],"predecessor-version":[{"id":172662,"href":"https:\/\/mspontocom.com.br\/site\/wp-json\/wp\/v2\/posts\/172655\/revisions\/172662"}],"wp:featuredmedia":[{"embeddable":true,"href":"https:\/\/mspontocom.com.br\/site\/wp-json\/wp\/v2\/media\/172661"}],"wp:attachment":[{"href":"https:\/\/mspontocom.com.br\/site\/wp-json\/wp\/v2\/media?parent=172655"}],"wp:term":[{"taxonomy":"category","embeddable":true,"href":"https:\/\/mspontocom.com.br\/site\/wp-json\/wp\/v2\/categories?post=172655"},{"taxonomy":"post_tag","embeddable":true,"href":"https:\/\/mspontocom.com.br\/site\/wp-json\/wp\/v2\/tags?post=172655"}],"curies":[{"name":"wp","href":"https:\/\/api.w.org\/{rel}","templated":true}]}}