{"id":172677,"date":"2022-07-20T14:29:32","date_gmt":"2022-07-20T18:29:32","guid":{"rendered":"https:\/\/mspontocom.com.br\/site\/?p=172677"},"modified":"2022-07-20T13:52:35","modified_gmt":"2022-07-20T17:52:35","slug":"ao-contrario-que-diz-midia-embaixadores-aplaudiram-bolsonaro-contra-o-tse","status":"publish","type":"post","link":"https:\/\/mspontocom.com.br\/site\/ao-contrario-que-diz-midia-embaixadores-aplaudiram-bolsonaro-contra-o-tse\/","title":{"rendered":"Ao contr\u00e1rio que diz m\u00eddia, embaixadores aplaudiram Bolsonaro contra o TSE"},"content":{"rendered":"<p style=\"text-align: justify;\"><img loading=\"lazy\" class=\"alignnone size-medium wp-image-172684\" src=\"https:\/\/mspontocom.com.br\/site\/wp-content\/uploads\/2022\/07\/site-ao-contrario-que-diz-midia-embaixadores-aplaudiram-bolsonaro-contra-o-tse-bolsonaro-embaixadores--e1658314103452-260x139.webp\" alt=\"\" width=\"260\" height=\"139\" srcset=\"https:\/\/mspontocom.com.br\/site\/wp-content\/uploads\/2022\/07\/site-ao-contrario-que-diz-midia-embaixadores-aplaudiram-bolsonaro-contra-o-tse-bolsonaro-embaixadores--e1658314103452-260x139.webp 260w, https:\/\/mspontocom.com.br\/site\/wp-content\/uploads\/2022\/07\/site-ao-contrario-que-diz-midia-embaixadores-aplaudiram-bolsonaro-contra-o-tse-bolsonaro-embaixadores--e1658314103452-768x410.webp 768w, https:\/\/mspontocom.com.br\/site\/wp-content\/uploads\/2022\/07\/site-ao-contrario-que-diz-midia-embaixadores-aplaudiram-bolsonaro-contra-o-tse-bolsonaro-embaixadores--e1658314103452.webp 833w\" sizes=\"(max-width: 260px) 100vw, 260px\" \/><\/p>\n<p style=\"text-align: justify;\">O presidente Jair Bolsonaro (PL) foi aplaudido pela maioria dos embaixadores de pa\u00edses estrangeiros residentes no Brasil que reuniu na 2\u00aa feira (18.jul.2022).<\/p>\n<p style=\"text-align: justify;\">A apresenta\u00e7\u00e3o versou sobre as elei\u00e7\u00f5es deste ano, criticou o ex-presidente Luiz In\u00e1cio Lula da Silva (PT) e ministros do TSE (Tribunal Superior Eleitoral).<\/p>\n<p style=\"text-align: justify;\"><strong>P\u00e1ginas em m\u00eddias sociais que acompanhavam a transmiss\u00e3o pela TV Brasil publicaram que o chefe do Executivo terminou seu discurso sem aplausos dos emiss\u00e1rios.<\/strong><\/p>\n<p style=\"text-align: justify;\">Transmiss\u00f5es paralelas, feitas por outros ve\u00edculos e pela conta oficial do presidente, por\u00e9m, captaram o momento das palmas.<\/p>\n<p style=\"text-align: justify;\">O Poder360 tamb\u00e9m esteve no local e constatou as sauda\u00e7\u00f5es.<\/p>\n<p style=\"text-align: justify;\">Em seu discurso, o presidente relacionou os ministros Edson Fachin, Alexandre de Moraes e Roberto Barroso ao ex-presidente Lula, seu maior rival na disputa pelo Pal\u00e1cio do Planalto .<\/p>\n","protected":false},"excerpt":{"rendered":"<p>O presidente Jair Bolsonaro (PL) foi aplaudido pela maioria dos embaixadores de pa\u00edses estrangeiros residentes no Brasil que reuniu na 2\u00aa feira (18.jul.2022). A apresenta\u00e7\u00e3o versou sobre as elei\u00e7\u00f5es deste ano, criticou o ex-presidente Luiz In\u00e1cio Lula da Silva (PT) e ministros do TSE (Tribunal Superior Eleitoral). P\u00e1ginas em m\u00eddias sociais que acompanhavam a transmiss\u00e3o [&hellip;]<\/p>\n","protected":false},"author":2,"featured_media":172684,"comment_status":"open","ping_status":"open","sticky":false,"template":"","format":"standard","meta":{"_monsterinsights_skip_tracking":false,"_monsterinsights_sitenote_active":false,"_monsterinsights_sitenote_note":"","_monsterinsights_sitenote_category":0},"categories":[6,30260,30259],"tags":[38212,21017,3445,4378],"aioseo_notices":[],"_links":{"self":[{"href":"https:\/\/mspontocom.com.br\/site\/wp-json\/wp\/v2\/posts\/172677"}],"collection":[{"href":"https:\/\/mspontocom.com.br\/site\/wp-json\/wp\/v2\/posts"}],"about":[{"href":"https:\/\/mspontocom.com.br\/site\/wp-json\/wp\/v2\/types\/post"}],"author":[{"embeddable":true,"href":"https:\/\/mspontocom.com.br\/site\/wp-json\/wp\/v2\/users\/2"}],"replies":[{"embeddable":true,"href":"https:\/\/mspontocom.com.br\/site\/wp-json\/wp\/v2\/comments?post=172677"}],"version-history":[{"count":2,"href":"https:\/\/mspontocom.com.br\/site\/wp-json\/wp\/v2\/posts\/172677\/revisions"}],"predecessor-version":[{"id":172685,"href":"https:\/\/mspontocom.com.br\/site\/wp-json\/wp\/v2\/posts\/172677\/revisions\/172685"}],"wp:featuredmedia":[{"embeddable":true,"href":"https:\/\/mspontocom.com.br\/site\/wp-json\/wp\/v2\/media\/172684"}],"wp:attachment":[{"href":"https:\/\/mspontocom.com.br\/site\/wp-json\/wp\/v2\/media?parent=172677"}],"wp:term":[{"taxonomy":"category","embeddable":true,"href":"https:\/\/mspontocom.com.br\/site\/wp-json\/wp\/v2\/categories?post=172677"},{"taxonomy":"post_tag","embeddable":true,"href":"https:\/\/mspontocom.com.br\/site\/wp-json\/wp\/v2\/tags?post=172677"}],"curies":[{"name":"wp","href":"https:\/\/api.w.org\/{rel}","templated":true}]}}