{"id":172679,"date":"2022-07-20T06:43:11","date_gmt":"2022-07-20T10:43:11","guid":{"rendered":"https:\/\/mspontocom.com.br\/site\/?p=172679"},"modified":"2022-07-20T06:43:11","modified_gmt":"2022-07-20T10:43:11","slug":"agora-e-tarde-tcu-nao-ve-irregularidades-em-gastos-da-lava-jato","status":"publish","type":"post","link":"https:\/\/mspontocom.com.br\/site\/agora-e-tarde-tcu-nao-ve-irregularidades-em-gastos-da-lava-jato\/","title":{"rendered":"Agora \u00e9 tarde: TCU n\u00e3o v\u00ea irregularidades em gastos da Lava Jato"},"content":{"rendered":"<p style=\"text-align: justify;\"><img loading=\"lazy\" class=\"alignnone size-medium wp-image-172682\" src=\"https:\/\/mspontocom.com.br\/site\/wp-content\/uploads\/2022\/07\/site-tcu-nao-ve-irregularidades-em-gastos-da-lava-jato-dallagnol-e1658313643741-260x147.jpg\" alt=\"\" width=\"260\" height=\"147\" srcset=\"https:\/\/mspontocom.com.br\/site\/wp-content\/uploads\/2022\/07\/site-tcu-nao-ve-irregularidades-em-gastos-da-lava-jato-dallagnol-e1658313643741-260x147.jpg 260w, https:\/\/mspontocom.com.br\/site\/wp-content\/uploads\/2022\/07\/site-tcu-nao-ve-irregularidades-em-gastos-da-lava-jato-dallagnol-e1658313643741-768x435.jpg 768w, https:\/\/mspontocom.com.br\/site\/wp-content\/uploads\/2022\/07\/site-tcu-nao-ve-irregularidades-em-gastos-da-lava-jato-dallagnol-e1658313643741.jpg 878w\" sizes=\"(max-width: 260px) 100vw, 260px\" \/><\/p>\n<p style=\"text-align: justify;\">O parecer da \u00e1rea t\u00e9cnica do Tribunal de Contas da Uni\u00e3o (TCU)\u00a0afirma que os\u00a0<strong>pagamentos das di\u00e1rias<\/strong> aos procuradores da Opera\u00e7\u00e3o Lava Jato<b> <\/b>foram regulares e n\u00e3o violaram o princ\u00edpio da economicidade.<\/p>\n<p style=\"text-align: justify;\">O \u00f3rg\u00e3o t\u00e9cnico do TCU concluiu que <strong>n\u00e3o houve irregularidade<\/strong> e ainda sugeriu o arquivamento do caso.<\/p>\n<p style=\"text-align: justify;\">Desde 2020, o TCU apura suspeitas de irregularidades e danos aos cofres p\u00fablicos com o pagamento de di\u00e1rias e passagens a cinco procuradores da Lava Jato entre 2014 e 2021.<\/p>\n<p style=\"text-align: justify;\">Entre os citados no processo est\u00e3o <strong>Deltan Dallagnol<\/strong> (Podemos), ex-procurador e ex-coordenador da for\u00e7a tarefa, e Rodrigo Janot, ex-procurador-geral da Rep\u00fablica.<\/p>\n<p style=\"text-align: justify;\">O caso foi enviado \u00e0 \u00e1rea t\u00e9cnica por ordem do ministro do TCU Bruno Dantas, que \u00e9 o relator do caso.<\/p>\n<p style=\"text-align: justify;\">Ele via ind\u00edcios de irregularidade no pagamento aos procuradores.<\/p>\n","protected":false},"excerpt":{"rendered":"<p>O parecer da \u00e1rea t\u00e9cnica do Tribunal de Contas da Uni\u00e3o (TCU)\u00a0afirma que os\u00a0pagamentos das di\u00e1rias aos procuradores da Opera\u00e7\u00e3o Lava Jato foram regulares e n\u00e3o violaram o princ\u00edpio da economicidade. O \u00f3rg\u00e3o t\u00e9cnico do TCU concluiu que n\u00e3o houve irregularidade e ainda sugeriu o arquivamento do caso. Desde 2020, o TCU apura suspeitas de [&hellip;]<\/p>\n","protected":false},"author":2,"featured_media":172682,"comment_status":"open","ping_status":"open","sticky":false,"template":"","format":"standard","meta":{"_monsterinsights_skip_tracking":false,"_monsterinsights_sitenote_active":false,"_monsterinsights_sitenote_note":"","_monsterinsights_sitenote_category":0},"categories":[6,30260,30259],"tags":[21419,27332,3998],"aioseo_notices":[],"_links":{"self":[{"href":"https:\/\/mspontocom.com.br\/site\/wp-json\/wp\/v2\/posts\/172679"}],"collection":[{"href":"https:\/\/mspontocom.com.br\/site\/wp-json\/wp\/v2\/posts"}],"about":[{"href":"https:\/\/mspontocom.com.br\/site\/wp-json\/wp\/v2\/types\/post"}],"author":[{"embeddable":true,"href":"https:\/\/mspontocom.com.br\/site\/wp-json\/wp\/v2\/users\/2"}],"replies":[{"embeddable":true,"href":"https:\/\/mspontocom.com.br\/site\/wp-json\/wp\/v2\/comments?post=172679"}],"version-history":[{"count":2,"href":"https:\/\/mspontocom.com.br\/site\/wp-json\/wp\/v2\/posts\/172679\/revisions"}],"predecessor-version":[{"id":172683,"href":"https:\/\/mspontocom.com.br\/site\/wp-json\/wp\/v2\/posts\/172679\/revisions\/172683"}],"wp:featuredmedia":[{"embeddable":true,"href":"https:\/\/mspontocom.com.br\/site\/wp-json\/wp\/v2\/media\/172682"}],"wp:attachment":[{"href":"https:\/\/mspontocom.com.br\/site\/wp-json\/wp\/v2\/media?parent=172679"}],"wp:term":[{"taxonomy":"category","embeddable":true,"href":"https:\/\/mspontocom.com.br\/site\/wp-json\/wp\/v2\/categories?post=172679"},{"taxonomy":"post_tag","embeddable":true,"href":"https:\/\/mspontocom.com.br\/site\/wp-json\/wp\/v2\/tags?post=172679"}],"curies":[{"name":"wp","href":"https:\/\/api.w.org\/{rel}","templated":true}]}}