{"id":172688,"date":"2022-07-20T14:16:41","date_gmt":"2022-07-20T18:16:41","guid":{"rendered":"https:\/\/mspontocom.com.br\/site\/?p=172688"},"modified":"2022-07-20T13:50:58","modified_gmt":"2022-07-20T17:50:58","slug":"havan-comemora-sucesso-nas-vendas-de-quase-10-mil-bandeiras-do-brasil","status":"publish","type":"post","link":"https:\/\/mspontocom.com.br\/site\/havan-comemora-sucesso-nas-vendas-de-quase-10-mil-bandeiras-do-brasil\/","title":{"rendered":"Havan comemora sucesso nas vendas de quase 10 mil Bandeiras do Brasil"},"content":{"rendered":"<p style=\"text-align: justify;\"><img loading=\"lazy\" class=\"alignnone size-medium wp-image-172689\" src=\"https:\/\/mspontocom.com.br\/site\/wp-content\/uploads\/2022\/07\/site-havan-comemora-sucesso-nas-vendas-de-quase-10-mil-bandeiras-do-brasil-havan-260x222.jpg\" alt=\"\" width=\"260\" height=\"222\" srcset=\"https:\/\/mspontocom.com.br\/site\/wp-content\/uploads\/2022\/07\/site-havan-comemora-sucesso-nas-vendas-de-quase-10-mil-bandeiras-do-brasil-havan-260x222.jpg 260w, https:\/\/mspontocom.com.br\/site\/wp-content\/uploads\/2022\/07\/site-havan-comemora-sucesso-nas-vendas-de-quase-10-mil-bandeiras-do-brasil-havan.jpg 500w\" sizes=\"(max-width: 260px) 100vw, 260px\" \/><\/p>\n<p style=\"text-align: justify;\">Ap\u00f3s a pol\u00eamica envolvendo a ju\u00edza eleitoral, Ana L\u00facia Todeschini Martinez, do Rio Grande do Sul, que disse que a Bandeira do Brasil se tornou marca de \u201cum lado da pol\u00edtica\u201d no pa\u00eds, a Havan lan\u00e7ou uma campanha para refor\u00e7ar a venda do item.<\/p>\n<p style=\"text-align: justify;\">A repercuss\u00e3o foi tanta que o estoque de Bandeiras foi praticamente esgotado em todas as 172 megalojas. Em apenas um fim de semana, foram vendidas quase 10 mil Bandeiras a pre\u00e7o de custo, por R$ 19,99.<\/p>\n<p style=\"text-align: justify;\">\u201cJ\u00e1 refizemos o pedido com urg\u00eancia para restabelecermos nossos estoques e ainda um novo pedido de 100 mil unidades foi feito para os pr\u00f3ximos meses\u201d, informa o dono da Havan, Luciano Hang.<\/p>\n<p style=\"text-align: justify;\">Ele garante que a Bandeira do Brasil continuar\u00e1 vendendo muito e ser\u00e1 um dos itens mais vendidos este ano em todas as lojas da varejista. \u201cFicamos muito felizes com a repercuss\u00e3o. Queremos reacender esse esp\u00edrito patriota. Nosso neg\u00f3cio n\u00e3o \u00e9 ganhar dinheiro, mas sim colocar nas m\u00e3os dos brasileiros um s\u00edmbolo que \u00e9 de todos\u201d, afirma.<\/p>\n","protected":false},"excerpt":{"rendered":"<p>Ap\u00f3s a pol\u00eamica envolvendo a ju\u00edza eleitoral, Ana L\u00facia Todeschini Martinez, do Rio Grande do Sul, que disse que a Bandeira do Brasil se tornou marca de \u201cum lado da pol\u00edtica\u201d no pa\u00eds, a Havan lan\u00e7ou uma campanha para refor\u00e7ar a venda do item. A repercuss\u00e3o foi tanta que o estoque de Bandeiras foi praticamente [&hellip;]<\/p>\n","protected":false},"author":2,"featured_media":172689,"comment_status":"open","ping_status":"open","sticky":false,"template":"","format":"standard","meta":{"_monsterinsights_skip_tracking":false,"_monsterinsights_sitenote_active":false,"_monsterinsights_sitenote_note":"","_monsterinsights_sitenote_category":0},"categories":[6],"tags":[38190,15093,1017],"aioseo_notices":[],"_links":{"self":[{"href":"https:\/\/mspontocom.com.br\/site\/wp-json\/wp\/v2\/posts\/172688"}],"collection":[{"href":"https:\/\/mspontocom.com.br\/site\/wp-json\/wp\/v2\/posts"}],"about":[{"href":"https:\/\/mspontocom.com.br\/site\/wp-json\/wp\/v2\/types\/post"}],"author":[{"embeddable":true,"href":"https:\/\/mspontocom.com.br\/site\/wp-json\/wp\/v2\/users\/2"}],"replies":[{"embeddable":true,"href":"https:\/\/mspontocom.com.br\/site\/wp-json\/wp\/v2\/comments?post=172688"}],"version-history":[{"count":1,"href":"https:\/\/mspontocom.com.br\/site\/wp-json\/wp\/v2\/posts\/172688\/revisions"}],"predecessor-version":[{"id":172690,"href":"https:\/\/mspontocom.com.br\/site\/wp-json\/wp\/v2\/posts\/172688\/revisions\/172690"}],"wp:featuredmedia":[{"embeddable":true,"href":"https:\/\/mspontocom.com.br\/site\/wp-json\/wp\/v2\/media\/172689"}],"wp:attachment":[{"href":"https:\/\/mspontocom.com.br\/site\/wp-json\/wp\/v2\/media?parent=172688"}],"wp:term":[{"taxonomy":"category","embeddable":true,"href":"https:\/\/mspontocom.com.br\/site\/wp-json\/wp\/v2\/categories?post=172688"},{"taxonomy":"post_tag","embeddable":true,"href":"https:\/\/mspontocom.com.br\/site\/wp-json\/wp\/v2\/tags?post=172688"}],"curies":[{"name":"wp","href":"https:\/\/api.w.org\/{rel}","templated":true}]}}