{"id":172712,"date":"2022-07-21T14:30:40","date_gmt":"2022-07-21T18:30:40","guid":{"rendered":"https:\/\/mspontocom.com.br\/site\/?p=172712"},"modified":"2022-07-21T14:03:21","modified_gmt":"2022-07-21T18:03:21","slug":"alckmin-oficializa-hoje-a-tentativa-de-voltar-a-cena-do-crime","status":"publish","type":"post","link":"https:\/\/mspontocom.com.br\/site\/alckmin-oficializa-hoje-a-tentativa-de-voltar-a-cena-do-crime\/","title":{"rendered":"Alckmin oficializa hoje a tentativa de voltar \u00e0 cena do crime"},"content":{"rendered":"<p style=\"text-align: justify;\"><img loading=\"lazy\" class=\"alignnone size-medium wp-image-172718\" src=\"https:\/\/mspontocom.com.br\/site\/wp-content\/uploads\/2022\/07\/site-alckmin-oficializa-hoje-a-tentativa-de-voltar-a-cena-do-crime-alck-e1658400394829-260x139.jpg\" alt=\"\" width=\"260\" height=\"139\" srcset=\"https:\/\/mspontocom.com.br\/site\/wp-content\/uploads\/2022\/07\/site-alckmin-oficializa-hoje-a-tentativa-de-voltar-a-cena-do-crime-alck-e1658400394829-260x139.jpg 260w, https:\/\/mspontocom.com.br\/site\/wp-content\/uploads\/2022\/07\/site-alckmin-oficializa-hoje-a-tentativa-de-voltar-a-cena-do-crime-alck-e1658400394829-768x410.jpg 768w, https:\/\/mspontocom.com.br\/site\/wp-content\/uploads\/2022\/07\/site-alckmin-oficializa-hoje-a-tentativa-de-voltar-a-cena-do-crime-alck-e1658400394829.jpg 897w\" sizes=\"(max-width: 260px) 100vw, 260px\" \/><\/p>\n<p style=\"text-align: justify;\">Aos 69 anos, o ex-governador de S\u00e3o Paulo <strong>Geraldo Alckmin<\/strong> fez uma mudan\u00e7a que poucos acreditavam ser poss\u00edvel em sua carreira pol\u00edtica.<\/p>\n<p style=\"text-align: justify;\">Deixou o PSDB, partido que ajudou a criar em 1988 e ao qual foi filiado por 33 anos.<\/p>\n<p style=\"text-align: justify;\">Decidiu ingressar no PSB para ser o vice de um antigo advers\u00e1rio: o ex-presidente <strong>Lula.<\/strong><\/p>\n<p style=\"text-align: justify;\">Alckmin ter\u00e1 seu nome aprovado pelo PT na conven\u00e7\u00e3o nacional do partido nesta 5\u00aa feira (21.jul.2022).<\/p>\n<p style=\"text-align: justify;\">Passar\u00e1 a compor oficialmente a chapa presidencial.<\/p>\n<p style=\"text-align: justify;\">O PT tamb\u00e9m oficializar\u00e1 Lula como candidato \u00e0 Presid\u00eancia da Rep\u00fablica.<\/p>\n<p style=\"text-align: justify;\">Nas elei\u00e7\u00f5es de 2018, Lula estava preso. Quem disputou a Presid\u00eancia da Rep\u00fablica pelo PT foi Fernando Haddad.<\/p>\n<p style=\"text-align: justify;\">Isso n\u00e3o impediu que o ex-presidente fosse tema recorrente das propagandas de Alckmin na TV.<\/p>\n<p style=\"text-align: justify;\">Alckmin acusou Lula de <strong>tentar a volta \u00e0 cena do crime<\/strong> caso o petista fosse candidato \u00e0 presid\u00eancia.<\/p>\n","protected":false},"excerpt":{"rendered":"<p>Aos 69 anos, o ex-governador de S\u00e3o Paulo Geraldo Alckmin fez uma mudan\u00e7a que poucos acreditavam ser poss\u00edvel em sua carreira pol\u00edtica. Deixou o PSDB, partido que ajudou a criar em 1988 e ao qual foi filiado por 33 anos. Decidiu ingressar no PSB para ser o vice de um antigo advers\u00e1rio: o ex-presidente Lula. [&hellip;]<\/p>\n","protected":false},"author":2,"featured_media":172718,"comment_status":"open","ping_status":"open","sticky":false,"template":"","format":"standard","meta":{"_monsterinsights_skip_tracking":false,"_monsterinsights_sitenote_active":false,"_monsterinsights_sitenote_note":"","_monsterinsights_sitenote_category":0},"categories":[30260,30259,12],"tags":[13749,24191,37896,480],"aioseo_notices":[],"_links":{"self":[{"href":"https:\/\/mspontocom.com.br\/site\/wp-json\/wp\/v2\/posts\/172712"}],"collection":[{"href":"https:\/\/mspontocom.com.br\/site\/wp-json\/wp\/v2\/posts"}],"about":[{"href":"https:\/\/mspontocom.com.br\/site\/wp-json\/wp\/v2\/types\/post"}],"author":[{"embeddable":true,"href":"https:\/\/mspontocom.com.br\/site\/wp-json\/wp\/v2\/users\/2"}],"replies":[{"embeddable":true,"href":"https:\/\/mspontocom.com.br\/site\/wp-json\/wp\/v2\/comments?post=172712"}],"version-history":[{"count":2,"href":"https:\/\/mspontocom.com.br\/site\/wp-json\/wp\/v2\/posts\/172712\/revisions"}],"predecessor-version":[{"id":172719,"href":"https:\/\/mspontocom.com.br\/site\/wp-json\/wp\/v2\/posts\/172712\/revisions\/172719"}],"wp:featuredmedia":[{"embeddable":true,"href":"https:\/\/mspontocom.com.br\/site\/wp-json\/wp\/v2\/media\/172718"}],"wp:attachment":[{"href":"https:\/\/mspontocom.com.br\/site\/wp-json\/wp\/v2\/media?parent=172712"}],"wp:term":[{"taxonomy":"category","embeddable":true,"href":"https:\/\/mspontocom.com.br\/site\/wp-json\/wp\/v2\/categories?post=172712"},{"taxonomy":"post_tag","embeddable":true,"href":"https:\/\/mspontocom.com.br\/site\/wp-json\/wp\/v2\/tags?post=172712"}],"curies":[{"name":"wp","href":"https:\/\/api.w.org\/{rel}","templated":true}]}}